{"id":17333,"date":"2022-08-03T15:35:37","date_gmt":"2022-08-03T15:35:37","guid":{"rendered":"https:\/\/liberationinfo.com\/?p=17333"},"modified":"2022-08-03T16:14:31","modified_gmt":"2022-08-03T16:14:31","slug":"securite-maritime-le-president-de-la-transition-colonel-mamadi-doumbouya-offre-45-mille-gilets-de-sauvetage","status":"publish","type":"post","link":"https:\/\/liberationinfo.com\/index.php\/securite-maritime-le-president-de-la-transition-colonel-mamadi-doumbouya-offre-45-mille-gilets-de-sauvetage\/","title":{"rendered":"Securite maritime : le pr\u00e9sident de la transition, Colonel Mamadi Doumbouya offre 45 mille gilets de sauvetage&#8230;"},"content":{"rendered":"<p>&nbsp;<\/p>\n<p>C\u2018est parti pour la distribution de pr\u00e8s de 45 mille gilets de sauvetage offert par le pr\u00e9sident de la R\u00e9publique aux p\u00eacheurs du littoral Guin\u00e9en. Ce lancement de la campagne de sensibilisation et de distribution des gilets de sauvetage aux usagers de la mer a officiellement d\u00e9but\u00e9, ce mercredi 03 ao\u00fbt 2022, au port de Boulbinet.<\/p>\n<p><a href=\"https:\/\/i0.wp.com\/liberationinfo.com\/wp-content\/uploads\/2022\/08\/20220803_120203-scaled.jpg?ssl=1\"><img data-recalc-dims=\"1\" loading=\"lazy\" decoding=\"async\" width=\"300\" height=\"225\" class=\"alignnone size-medium wp-image-17334\" src=\"https:\/\/i0.wp.com\/liberationinfo.com\/wp-content\/uploads\/2022\/08\/20220803_120203-300x225.jpg?resize=300%2C225&#038;ssl=1\" alt=\"\" srcset=\"https:\/\/i0.wp.com\/liberationinfo.com\/wp-content\/uploads\/2022\/08\/20220803_120203-scaled.jpg?resize=300%2C225&amp;ssl=1 300w, https:\/\/i0.wp.com\/liberationinfo.com\/wp-content\/uploads\/2022\/08\/20220803_120203-scaled.jpg?resize=1024%2C768&amp;ssl=1 1024w, https:\/\/i0.wp.com\/liberationinfo.com\/wp-content\/uploads\/2022\/08\/20220803_120203-scaled.jpg?resize=768%2C576&amp;ssl=1 768w, https:\/\/i0.wp.com\/liberationinfo.com\/wp-content\/uploads\/2022\/08\/20220803_120203-scaled.jpg?resize=1536%2C1152&amp;ssl=1 1536w, https:\/\/i0.wp.com\/liberationinfo.com\/wp-content\/uploads\/2022\/08\/20220803_120203-scaled.jpg?resize=2048%2C1536&amp;ssl=1 2048w, https:\/\/i0.wp.com\/liberationinfo.com\/wp-content\/uploads\/2022\/08\/20220803_120203-scaled.jpg?resize=80%2C60&amp;ssl=1 80w, https:\/\/i0.wp.com\/liberationinfo.com\/wp-content\/uploads\/2022\/08\/20220803_120203-scaled.jpg?resize=265%2C198&amp;ssl=1 265w, https:\/\/i0.wp.com\/liberationinfo.com\/wp-content\/uploads\/2022\/08\/20220803_120203-scaled.jpg?resize=696%2C522&amp;ssl=1 696w, https:\/\/i0.wp.com\/liberationinfo.com\/wp-content\/uploads\/2022\/08\/20220803_120203-scaled.jpg?resize=1068%2C801&amp;ssl=1 1068w, https:\/\/i0.wp.com\/liberationinfo.com\/wp-content\/uploads\/2022\/08\/20220803_120203-scaled.jpg?resize=560%2C420&amp;ssl=1 560w, https:\/\/i0.wp.com\/liberationinfo.com\/wp-content\/uploads\/2022\/08\/20220803_120203-scaled.jpg?resize=1920%2C1440&amp;ssl=1 1920w, https:\/\/i0.wp.com\/liberationinfo.com\/wp-content\/uploads\/2022\/08\/20220803_120203-scaled.jpg?resize=750%2C563&amp;ssl=1 750w, https:\/\/i0.wp.com\/liberationinfo.com\/wp-content\/uploads\/2022\/08\/20220803_120203-scaled.jpg?resize=1140%2C855&amp;ssl=1 1140w, https:\/\/i0.wp.com\/liberationinfo.com\/wp-content\/uploads\/2022\/08\/20220803_120203-scaled.jpg?w=1392 1392w\" sizes=\"auto, (max-width: 300px) 100vw, 300px\" \/><\/a><br \/>\nLes principaux acteurs de cette op\u00e9ration de distribution, sont l\u2019Agence de Navigation Maritime (ANAM) et la Direction Nationale\u00a0 de la Marine Marchande qui vont proc\u00e9der \u00e0 l\u2019ex\u00e9cution de ce gigantesque projet du d\u00e9partement des infrastructures et des Transports sur le terrain.<\/p>\n<p>&nbsp;<\/p>\n<p><a href=\"https:\/\/i0.wp.com\/liberationinfo.com\/wp-content\/uploads\/2022\/08\/20220803_120038-scaled.jpg?ssl=1\"><img data-recalc-dims=\"1\" loading=\"lazy\" decoding=\"async\" width=\"300\" height=\"225\" class=\"alignnone size-medium wp-image-17335\" src=\"https:\/\/i0.wp.com\/liberationinfo.com\/wp-content\/uploads\/2022\/08\/20220803_120038-300x225.jpg?resize=300%2C225&#038;ssl=1\" alt=\"\" srcset=\"https:\/\/i0.wp.com\/liberationinfo.com\/wp-content\/uploads\/2022\/08\/20220803_120038-scaled.jpg?resize=300%2C225&amp;ssl=1 300w, https:\/\/i0.wp.com\/liberationinfo.com\/wp-content\/uploads\/2022\/08\/20220803_120038-scaled.jpg?resize=1024%2C768&amp;ssl=1 1024w, https:\/\/i0.wp.com\/liberationinfo.com\/wp-content\/uploads\/2022\/08\/20220803_120038-scaled.jpg?resize=768%2C576&amp;ssl=1 768w, https:\/\/i0.wp.com\/liberationinfo.com\/wp-content\/uploads\/2022\/08\/20220803_120038-scaled.jpg?resize=1536%2C1152&amp;ssl=1 1536w, https:\/\/i0.wp.com\/liberationinfo.com\/wp-content\/uploads\/2022\/08\/20220803_120038-scaled.jpg?resize=2048%2C1536&amp;ssl=1 2048w, https:\/\/i0.wp.com\/liberationinfo.com\/wp-content\/uploads\/2022\/08\/20220803_120038-scaled.jpg?resize=80%2C60&amp;ssl=1 80w, https:\/\/i0.wp.com\/liberationinfo.com\/wp-content\/uploads\/2022\/08\/20220803_120038-scaled.jpg?resize=265%2C198&amp;ssl=1 265w, https:\/\/i0.wp.com\/liberationinfo.com\/wp-content\/uploads\/2022\/08\/20220803_120038-scaled.jpg?resize=696%2C522&amp;ssl=1 696w, https:\/\/i0.wp.com\/liberationinfo.com\/wp-content\/uploads\/2022\/08\/20220803_120038-scaled.jpg?resize=1068%2C801&amp;ssl=1 1068w, https:\/\/i0.wp.com\/liberationinfo.com\/wp-content\/uploads\/2022\/08\/20220803_120038-scaled.jpg?resize=560%2C420&amp;ssl=1 560w, https:\/\/i0.wp.com\/liberationinfo.com\/wp-content\/uploads\/2022\/08\/20220803_120038-scaled.jpg?resize=1920%2C1440&amp;ssl=1 1920w, https:\/\/i0.wp.com\/liberationinfo.com\/wp-content\/uploads\/2022\/08\/20220803_120038-scaled.jpg?resize=750%2C563&amp;ssl=1 750w, https:\/\/i0.wp.com\/liberationinfo.com\/wp-content\/uploads\/2022\/08\/20220803_120038-scaled.jpg?resize=1140%2C855&amp;ssl=1 1140w, https:\/\/i0.wp.com\/liberationinfo.com\/wp-content\/uploads\/2022\/08\/20220803_120038-scaled.jpg?w=1392 1392w\" sizes=\"auto, (max-width: 300px) 100vw, 300px\" \/><\/a>Cette c\u00e9r\u00e9monie de lancement de distribution des gilets a \u00e9t\u00e9 pr\u00e9sid\u00e9e par le premier ministre par int\u00e9rim, Bernard Goumou, en compagnie du ministre des des infrastructures et des Transports, Yaya Sow en pr\u00e9sence du directeur g\u00e9n\u00e9ral de l\u2019ANAM, Sory Camara, le Directeur National de la Marine Marchande, Mamoudou Diallo, le maire de la commune de Kaloum, Abdoul Gassim Soumah et plusieurs autres responsables du d\u00e9partement.<\/p>\n<p><a href=\"https:\/\/i0.wp.com\/liberationinfo.com\/wp-content\/uploads\/2022\/08\/20220803_115931-scaled.jpg?ssl=1\"><img data-recalc-dims=\"1\" loading=\"lazy\" decoding=\"async\" width=\"300\" height=\"225\" class=\"alignnone size-medium wp-image-17337\" src=\"https:\/\/i0.wp.com\/liberationinfo.com\/wp-content\/uploads\/2022\/08\/20220803_115931-300x225.jpg?resize=300%2C225&#038;ssl=1\" alt=\"\" srcset=\"https:\/\/i0.wp.com\/liberationinfo.com\/wp-content\/uploads\/2022\/08\/20220803_115931-scaled.jpg?resize=300%2C225&amp;ssl=1 300w, https:\/\/i0.wp.com\/liberationinfo.com\/wp-content\/uploads\/2022\/08\/20220803_115931-scaled.jpg?resize=1024%2C768&amp;ssl=1 1024w, https:\/\/i0.wp.com\/liberationinfo.com\/wp-content\/uploads\/2022\/08\/20220803_115931-scaled.jpg?resize=768%2C576&amp;ssl=1 768w, https:\/\/i0.wp.com\/liberationinfo.com\/wp-content\/uploads\/2022\/08\/20220803_115931-scaled.jpg?resize=1536%2C1152&amp;ssl=1 1536w, https:\/\/i0.wp.com\/liberationinfo.com\/wp-content\/uploads\/2022\/08\/20220803_115931-scaled.jpg?resize=2048%2C1536&amp;ssl=1 2048w, https:\/\/i0.wp.com\/liberationinfo.com\/wp-content\/uploads\/2022\/08\/20220803_115931-scaled.jpg?resize=80%2C60&amp;ssl=1 80w, https:\/\/i0.wp.com\/liberationinfo.com\/wp-content\/uploads\/2022\/08\/20220803_115931-scaled.jpg?resize=265%2C198&amp;ssl=1 265w, https:\/\/i0.wp.com\/liberationinfo.com\/wp-content\/uploads\/2022\/08\/20220803_115931-scaled.jpg?resize=696%2C522&amp;ssl=1 696w, https:\/\/i0.wp.com\/liberationinfo.com\/wp-content\/uploads\/2022\/08\/20220803_115931-scaled.jpg?resize=1068%2C801&amp;ssl=1 1068w, https:\/\/i0.wp.com\/liberationinfo.com\/wp-content\/uploads\/2022\/08\/20220803_115931-scaled.jpg?resize=560%2C420&amp;ssl=1 560w, https:\/\/i0.wp.com\/liberationinfo.com\/wp-content\/uploads\/2022\/08\/20220803_115931-scaled.jpg?resize=1920%2C1440&amp;ssl=1 1920w, https:\/\/i0.wp.com\/liberationinfo.com\/wp-content\/uploads\/2022\/08\/20220803_115931-scaled.jpg?resize=750%2C563&amp;ssl=1 750w, https:\/\/i0.wp.com\/liberationinfo.com\/wp-content\/uploads\/2022\/08\/20220803_115931-scaled.jpg?resize=1140%2C855&amp;ssl=1 1140w, https:\/\/i0.wp.com\/liberationinfo.com\/wp-content\/uploads\/2022\/08\/20220803_115931-scaled.jpg?w=1392 1392w\" sizes=\"auto, (max-width: 300px) 100vw, 300px\" \/><\/a><\/p>\n<p>Cette distribution de gilets de Sauvetage est une op\u00e9ration coutumi\u00e8re de (l\u2019ANAM), \u00e0 chaque p\u00e9riode hivernale. Elle consiste \u00e0 sensibiliser des usagers de la mer par la diffusion des consignes de s\u00e9curit\u00e9s au niveau des d\u00e9barcad\u00e8res.<\/p>\n<p>Le maire de la commune de Kaloum au nom des b\u00e9n\u00e9ficiaires, a mis l\u2019occasion \u00e0 profit pour remercier le pr\u00e9sident de la transition, Colonel Mamadi Doumbouya pour ce geste humanitaire tout en promettant une utilisation efficiente de ce don.<\/p>\n<p><a href=\"https:\/\/i0.wp.com\/liberationinfo.com\/wp-content\/uploads\/2022\/08\/20220803_115437-scaled.jpg?ssl=1\"><img data-recalc-dims=\"1\" loading=\"lazy\" decoding=\"async\" width=\"300\" height=\"225\" class=\"alignnone size-medium wp-image-17338\" src=\"https:\/\/i0.wp.com\/liberationinfo.com\/wp-content\/uploads\/2022\/08\/20220803_115437-300x225.jpg?resize=300%2C225&#038;ssl=1\" alt=\"\" srcset=\"https:\/\/i0.wp.com\/liberationinfo.com\/wp-content\/uploads\/2022\/08\/20220803_115437-scaled.jpg?resize=300%2C225&amp;ssl=1 300w, https:\/\/i0.wp.com\/liberationinfo.com\/wp-content\/uploads\/2022\/08\/20220803_115437-scaled.jpg?resize=1024%2C768&amp;ssl=1 1024w, https:\/\/i0.wp.com\/liberationinfo.com\/wp-content\/uploads\/2022\/08\/20220803_115437-scaled.jpg?resize=768%2C576&amp;ssl=1 768w, https:\/\/i0.wp.com\/liberationinfo.com\/wp-content\/uploads\/2022\/08\/20220803_115437-scaled.jpg?resize=1536%2C1152&amp;ssl=1 1536w, https:\/\/i0.wp.com\/liberationinfo.com\/wp-content\/uploads\/2022\/08\/20220803_115437-scaled.jpg?resize=2048%2C1536&amp;ssl=1 2048w, https:\/\/i0.wp.com\/liberationinfo.com\/wp-content\/uploads\/2022\/08\/20220803_115437-scaled.jpg?resize=80%2C60&amp;ssl=1 80w, https:\/\/i0.wp.com\/liberationinfo.com\/wp-content\/uploads\/2022\/08\/20220803_115437-scaled.jpg?resize=265%2C198&amp;ssl=1 265w, https:\/\/i0.wp.com\/liberationinfo.com\/wp-content\/uploads\/2022\/08\/20220803_115437-scaled.jpg?resize=696%2C522&amp;ssl=1 696w, https:\/\/i0.wp.com\/liberationinfo.com\/wp-content\/uploads\/2022\/08\/20220803_115437-scaled.jpg?resize=1068%2C801&amp;ssl=1 1068w, https:\/\/i0.wp.com\/liberationinfo.com\/wp-content\/uploads\/2022\/08\/20220803_115437-scaled.jpg?resize=560%2C420&amp;ssl=1 560w, https:\/\/i0.wp.com\/liberationinfo.com\/wp-content\/uploads\/2022\/08\/20220803_115437-scaled.jpg?resize=1920%2C1440&amp;ssl=1 1920w, https:\/\/i0.wp.com\/liberationinfo.com\/wp-content\/uploads\/2022\/08\/20220803_115437-scaled.jpg?resize=750%2C563&amp;ssl=1 750w, https:\/\/i0.wp.com\/liberationinfo.com\/wp-content\/uploads\/2022\/08\/20220803_115437-scaled.jpg?resize=1140%2C855&amp;ssl=1 1140w, https:\/\/i0.wp.com\/liberationinfo.com\/wp-content\/uploads\/2022\/08\/20220803_115437-scaled.jpg?w=1392 1392w\" sizes=\"auto, (max-width: 300px) 100vw, 300px\" \/><\/a><\/p>\n<p><strong><em>\u00ab Je vous remercie, je n&rsquo;ai pas de mot parce qu&rsquo;il est devenu coutume chaque ann\u00e9e, nous voyons les responsables charg\u00e9s de la gestion de la mer se d\u00e9ployer pour que la s\u00e9curit\u00e9 maritime soit respect\u00e9e. Je remercie une fois encore l&rsquo;ANAM et la Marine Marchande et toutes les autorit\u00e9s du port de Boulbinet charg\u00e9es de la s\u00e9curit\u00e9 maritim<\/em><\/strong>e. \u00bb, lance-t-il le Maire de Kaloum Abdoul Gassim Soumah.<\/p>\n<p><a href=\"https:\/\/i0.wp.com\/liberationinfo.com\/wp-content\/uploads\/2022\/08\/20220803_121004-scaled.jpg?ssl=1\"><img data-recalc-dims=\"1\" loading=\"lazy\" decoding=\"async\" width=\"300\" height=\"225\" class=\"alignnone size-medium wp-image-17339\" src=\"https:\/\/i0.wp.com\/liberationinfo.com\/wp-content\/uploads\/2022\/08\/20220803_121004-300x225.jpg?resize=300%2C225&#038;ssl=1\" alt=\"\" srcset=\"https:\/\/i0.wp.com\/liberationinfo.com\/wp-content\/uploads\/2022\/08\/20220803_121004-scaled.jpg?resize=300%2C225&amp;ssl=1 300w, https:\/\/i0.wp.com\/liberationinfo.com\/wp-content\/uploads\/2022\/08\/20220803_121004-scaled.jpg?resize=1024%2C768&amp;ssl=1 1024w, https:\/\/i0.wp.com\/liberationinfo.com\/wp-content\/uploads\/2022\/08\/20220803_121004-scaled.jpg?resize=768%2C576&amp;ssl=1 768w, https:\/\/i0.wp.com\/liberationinfo.com\/wp-content\/uploads\/2022\/08\/20220803_121004-scaled.jpg?resize=1536%2C1152&amp;ssl=1 1536w, https:\/\/i0.wp.com\/liberationinfo.com\/wp-content\/uploads\/2022\/08\/20220803_121004-scaled.jpg?resize=2048%2C1536&amp;ssl=1 2048w, https:\/\/i0.wp.com\/liberationinfo.com\/wp-content\/uploads\/2022\/08\/20220803_121004-scaled.jpg?resize=80%2C60&amp;ssl=1 80w, https:\/\/i0.wp.com\/liberationinfo.com\/wp-content\/uploads\/2022\/08\/20220803_121004-scaled.jpg?resize=265%2C198&amp;ssl=1 265w, https:\/\/i0.wp.com\/liberationinfo.com\/wp-content\/uploads\/2022\/08\/20220803_121004-scaled.jpg?resize=696%2C522&amp;ssl=1 696w, https:\/\/i0.wp.com\/liberationinfo.com\/wp-content\/uploads\/2022\/08\/20220803_121004-scaled.jpg?resize=1068%2C801&amp;ssl=1 1068w, https:\/\/i0.wp.com\/liberationinfo.com\/wp-content\/uploads\/2022\/08\/20220803_121004-scaled.jpg?resize=560%2C420&amp;ssl=1 560w, https:\/\/i0.wp.com\/liberationinfo.com\/wp-content\/uploads\/2022\/08\/20220803_121004-scaled.jpg?resize=1920%2C1440&amp;ssl=1 1920w, https:\/\/i0.wp.com\/liberationinfo.com\/wp-content\/uploads\/2022\/08\/20220803_121004-scaled.jpg?resize=750%2C563&amp;ssl=1 750w, https:\/\/i0.wp.com\/liberationinfo.com\/wp-content\/uploads\/2022\/08\/20220803_121004-scaled.jpg?resize=1140%2C855&amp;ssl=1 1140w, https:\/\/i0.wp.com\/liberationinfo.com\/wp-content\/uploads\/2022\/08\/20220803_121004-scaled.jpg?w=1392 1392w\" sizes=\"auto, (max-width: 300px) 100vw, 300px\" \/><\/a><\/p>\n<p>Prenant la parole devant les b\u00e9n\u00e9ficiaires, le Directeur National de la Marine Marchande\u00a0a rappel\u00e9 que la s\u00e9curit\u00e9 des p\u00eacheurs en haute mer est au centre des pr\u00e9occupations du chef de l\u2019\u00c9tat :<\/p>\n<p><strong><em>\u00ab Je voudrais me f\u00e9liciter pour la tenue de cet \u00e9v\u00e9nement qui est une des actions phares du d\u00e9partement. Le grand enseignement que l&rsquo;on tire c&rsquo;est que chaque ann\u00e9e la mobilisation est encore plus importante, cela prouve quoi ? Cela prouve que nos concitoyens sont conscients des enjeux li\u00e9s \u00e0 la probl\u00e9matique de la s\u00e9curit\u00e9 de la navigation maritime. Il y a quelques ann\u00e9es nous contions malheureusement beaucoup de victimes dans nos eaux et dans nos fleuves. Mais avec la conjugaison des uns et des autres, ce fl\u00e9au est entrain d&rsquo;\u00eatre graduellement jubil\u00e9. Donc je me f\u00e9licite de la forte mobilisation de l&rsquo;engouement que cet \u00e9v\u00e9nement a suscit\u00e9 aussi bien de la part des usagers, des responsables&#8230;.C\u2019est surtout la sensibilisation comme l&rsquo;a dit tout \u00e0 l&rsquo;heure monsieur le ministre, doit faire l&rsquo;objet d&rsquo;une sorte de l&rsquo;union sacr\u00e9e pour que chacun y mette du sien. Une vie perdue en mer est une vie perdue de trop. Nous n&rsquo;avons pas le droit d&rsquo;avoir des concitoyens qui perdent leurs \u00e2mes, qui perdent leurs vies en mer et qui sont \u00e0 la qu\u00eate d&rsquo;un devenir meilleur.\u00bb<\/em><\/strong>, a insist\u00e9 Mamoudou Diallo.<\/p>\n<p>Cette distribution de gilets va se d\u00e9rouler en deux volets : le premier concerne la distribution des gilets de sauvetage aux usagers de la mer et leur sensibilisation sur la s\u00e9curit\u00e9 maritime et la sauvegarde de la vie humaine. Le second s&rsquo;articule sur l&rsquo;obligation du port des gilets de sauvetage aux embarcations.<\/p>\n<p><strong><em>\u00ab Les gilets ne sont pas \u00e0 vendre parce que malheureusement,\u00a0 il arrive souvent que ces gilets qui sont acquis \u00e0 plus d&rsquo;importantes ressources financi\u00e8res malgr\u00e9 le contexte qui est difficile que nous connaissons tous. Il arrive souvent tr\u00e8s malheureusement qu&rsquo;on retrouve ces gilets dans nos march\u00e9s et parfois m\u00eame hors de nos fronti\u00e8res. Ceci n&rsquo;est pas acceptable, ils sont gratuits, ils sont c\u00e9d\u00e9s gracieusement aux usagers. Lorsqu&rsquo;ils s&#8217;empreintent un moyen naval pour leur desserte. Mais une fois que la desserte est faite, les gilets restent \u00e0 bord de l&#8217;embarcation. Le second sujet sur le quel je voulais revenir justement parlant d&#8217;embarcation, c&rsquo;est que la s\u00e9curit\u00e9 ne concerne pas seulement le gilet, elle concerne aussi le moyen naval ( pirogues&#8230;). Il faut que nous nous impliquions d&rsquo;avantage, nous sommes d\u00e9j\u00e0 entrain de le faire pour que les normes techniques soient \u00e0 la hauteur des investissements que nous sommes entrain de r\u00e9aliser actuellement pour que le transport maritime soit un transport s\u00fbr plus au moins.<\/em> <\/strong>\u00bb, a-t-il laiss\u00e9 entendre, avant d&rsquo;insister la n\u00e9cessite de la gratuite de ces gilets pour les citoyens.<\/p>\n<p><a href=\"https:\/\/i0.wp.com\/liberationinfo.com\/wp-content\/uploads\/2022\/08\/20220803_114837-scaled.jpg?ssl=1\"><img data-recalc-dims=\"1\" loading=\"lazy\" decoding=\"async\" width=\"300\" height=\"225\" class=\"alignnone size-medium wp-image-17340\" src=\"https:\/\/i0.wp.com\/liberationinfo.com\/wp-content\/uploads\/2022\/08\/20220803_114837-300x225.jpg?resize=300%2C225&#038;ssl=1\" alt=\"\" srcset=\"https:\/\/i0.wp.com\/liberationinfo.com\/wp-content\/uploads\/2022\/08\/20220803_114837-scaled.jpg?resize=300%2C225&amp;ssl=1 300w, https:\/\/i0.wp.com\/liberationinfo.com\/wp-content\/uploads\/2022\/08\/20220803_114837-scaled.jpg?resize=1024%2C768&amp;ssl=1 1024w, https:\/\/i0.wp.com\/liberationinfo.com\/wp-content\/uploads\/2022\/08\/20220803_114837-scaled.jpg?resize=768%2C576&amp;ssl=1 768w, https:\/\/i0.wp.com\/liberationinfo.com\/wp-content\/uploads\/2022\/08\/20220803_114837-scaled.jpg?resize=1536%2C1152&amp;ssl=1 1536w, https:\/\/i0.wp.com\/liberationinfo.com\/wp-content\/uploads\/2022\/08\/20220803_114837-scaled.jpg?resize=2048%2C1536&amp;ssl=1 2048w, https:\/\/i0.wp.com\/liberationinfo.com\/wp-content\/uploads\/2022\/08\/20220803_114837-scaled.jpg?resize=80%2C60&amp;ssl=1 80w, https:\/\/i0.wp.com\/liberationinfo.com\/wp-content\/uploads\/2022\/08\/20220803_114837-scaled.jpg?resize=265%2C198&amp;ssl=1 265w, https:\/\/i0.wp.com\/liberationinfo.com\/wp-content\/uploads\/2022\/08\/20220803_114837-scaled.jpg?resize=696%2C522&amp;ssl=1 696w, https:\/\/i0.wp.com\/liberationinfo.com\/wp-content\/uploads\/2022\/08\/20220803_114837-scaled.jpg?resize=1068%2C801&amp;ssl=1 1068w, https:\/\/i0.wp.com\/liberationinfo.com\/wp-content\/uploads\/2022\/08\/20220803_114837-scaled.jpg?resize=560%2C420&amp;ssl=1 560w, https:\/\/i0.wp.com\/liberationinfo.com\/wp-content\/uploads\/2022\/08\/20220803_114837-scaled.jpg?resize=1920%2C1440&amp;ssl=1 1920w, https:\/\/i0.wp.com\/liberationinfo.com\/wp-content\/uploads\/2022\/08\/20220803_114837-scaled.jpg?resize=750%2C563&amp;ssl=1 750w, https:\/\/i0.wp.com\/liberationinfo.com\/wp-content\/uploads\/2022\/08\/20220803_114837-scaled.jpg?resize=1140%2C855&amp;ssl=1 1140w, https:\/\/i0.wp.com\/liberationinfo.com\/wp-content\/uploads\/2022\/08\/20220803_114837-scaled.jpg?w=1392 1392w\" sizes=\"auto, (max-width: 300px) 100vw, 300px\" \/><\/a><\/p>\n<p>Le ministre des infrastructures de des transports, Yaya Sow s&rsquo;est r\u00e9jouit de la mise \u00e0 la disposition des p\u00eacheurs artisanaux et des riverains cette grande quantit\u00e9 de gilets de Sauvetage qui est l&rsquo;une des pr\u00e9rogatives de son d\u00e9partement.<\/p>\n<p><strong><em>\u00ab Je voudrais avant tout, au nom de l&rsquo;ensemble des travailleurs du Minist\u00e8re des Infrastructures et des Transports souhaiter la bienvenue \u00e0 Monsieur le Premier Ministre Chef du Gouvernement et \u00e0 nos illustres invit\u00e9s pour avoir bien voulu honorer de leur pr\u00e9sence cette c\u00e9r\u00e9monie de lancement officielle des journ\u00e9es de sensibilisation sur la s\u00e9curit\u00e9 maritime. <\/em><\/strong><strong><em>Monsieur le Premier Ministre, l&rsquo;organisation pr\u00e9sente de cette ceremonie vise avant tout, \u00e0 une instruction de Monsieur le Pr\u00e9sident chef de l&rsquo;Etat, chef Supr\u00eame des Colonel Mamadi DOUMBOUYA. Mon d\u00e9partement prend des dispositions utiles pour am\u00e9liorer la s\u00e9curit\u00e9 de la de prendre navigation maritime et offrir aux populations,\u00a0 toutes les meilleures conditions pour leur d\u00e9placement. notamment celles qui utilisent les voies maritime et fluviale.<\/em><\/strong>\u00bb, a-t-il commenc\u00e9.<\/p>\n<p>Poursuivant, il a invit\u00e9 la Direction Nationale de la Marine Marchande et l&rsquo;Agence de Navigation Maritime de poursuivre la distribution de ces gilets \u00e0 l&rsquo;int\u00e9rieur du pays dans les jours qui suivent.<\/p>\n<p>\u00ab <strong><em>La pr\u00e9sence de Monsieur le Premier Ministre pour pr\u00e9sider cette c\u00e9r\u00e9monie malgr\u00e9 son agenda tr\u00e8s charg\u00e9 traduit \u00e9loquemment la d\u00e9termination du gouvernement de placer cette pr\u00e9sidentielle au coeur des priorit\u00e9s du moment. directive J&rsquo;ai le plaisir d&rsquo;annoncer que cette op\u00e9ration de distribution des gilets qui d\u00e9bute ce matin se poursuivra dans les jours \u00e0 venir au niveau de tous les d\u00e9barcad\u00e8res de notre pays.La Direction Nationale de la Marine Marchande et l&rsquo;Agence de Navigation Maritime, conform\u00e9ment \u00e0 leurs missions respectives sont charg\u00e9es de veiller\u00e0 la bonne ex\u00e9cution de l&rsquo;activit\u00e9. Des efforts financiers importants ont \u00e9t\u00e9 consentis pour mettre gracieusement ces gilets \u00e0 la disposition de nos populations. Mais, acqu\u00e9rir les gilets est une chose. En faire bon Usage est une autre chose. C&rsquo;est pourquoi, vous me permettrez de saisir cette Occasion solennelle pour inviter les chefs de ports. les forces de d\u00e9fense et de s\u00e9curit\u00e9 affect\u00e9es aux diff\u00e9rents d\u00e9barcad\u00e8res, les propri\u00e9taires des embarcations \u00e0 redoubler de vigilance et de rigueur pour le respect des consignes de s\u00e9curit\u00e9. surtout en cette p\u00e9riode des grandes pluies o\u00f9 les risques d&rsquo;accidents sont particuli\u00e8rement \u00e9lev\u00e9s.\u00bb,<\/em> <\/strong>a fait savoir.<\/p>\n<p>Pour terminer, il a mis en garde ceux qui tenteraient de vendre ces gilets dans les march\u00e9s ou \u00e0 vendre \u00e0 l&rsquo;\u00e9tranger, il a demand\u00e9 d&rsquo;engager le combat\u00a0contre ces personnes.<\/p>\n<p><strong><em>\u00ab Je voudrais \u00e9galement rappeler aux usagers et aux acteurs concern\u00e9s que les gilets de sauvetage sont un bien commun destin\u00e9 exclusivement \u00e0 \u00eatre utilis\u00e9s lors des travers\u00e9es. Ils ne doivent \u00eatre ni revendus, ni exploit\u00e9s \u00e0 d&rsquo;autres fins. Malheureusement, des informations nous remontent souvent, faisant \u00e9tat de la d\u00e9couverte de quantit\u00e9s importantes de ces mat\u00e9riels hors de nos fronti\u00e8res. Cette pratique doit \u00eatre combattue et r\u00e9prim\u00e9e avec la plus grande fermet\u00e9 et leurs auteurs poursuivis par les juridictions comp\u00e9tentes.\u00bb<\/em><\/strong>, a-t-il pr\u00e9venu le ministre Yaya Sow.<\/p>\n<p><a href=\"https:\/\/i0.wp.com\/liberationinfo.com\/wp-content\/uploads\/2022\/08\/20220803_114203-scaled.jpg?ssl=1\"><img data-recalc-dims=\"1\" loading=\"lazy\" decoding=\"async\" width=\"300\" height=\"225\" class=\"alignnone size-medium wp-image-17341\" src=\"https:\/\/i0.wp.com\/liberationinfo.com\/wp-content\/uploads\/2022\/08\/20220803_114203-300x225.jpg?resize=300%2C225&#038;ssl=1\" alt=\"\" srcset=\"https:\/\/i0.wp.com\/liberationinfo.com\/wp-content\/uploads\/2022\/08\/20220803_114203-scaled.jpg?resize=300%2C225&amp;ssl=1 300w, https:\/\/i0.wp.com\/liberationinfo.com\/wp-content\/uploads\/2022\/08\/20220803_114203-scaled.jpg?resize=1024%2C768&amp;ssl=1 1024w, https:\/\/i0.wp.com\/liberationinfo.com\/wp-content\/uploads\/2022\/08\/20220803_114203-scaled.jpg?resize=768%2C576&amp;ssl=1 768w, https:\/\/i0.wp.com\/liberationinfo.com\/wp-content\/uploads\/2022\/08\/20220803_114203-scaled.jpg?resize=1536%2C1152&amp;ssl=1 1536w, https:\/\/i0.wp.com\/liberationinfo.com\/wp-content\/uploads\/2022\/08\/20220803_114203-scaled.jpg?resize=2048%2C1536&amp;ssl=1 2048w, https:\/\/i0.wp.com\/liberationinfo.com\/wp-content\/uploads\/2022\/08\/20220803_114203-scaled.jpg?resize=80%2C60&amp;ssl=1 80w, https:\/\/i0.wp.com\/liberationinfo.com\/wp-content\/uploads\/2022\/08\/20220803_114203-scaled.jpg?resize=265%2C198&amp;ssl=1 265w, https:\/\/i0.wp.com\/liberationinfo.com\/wp-content\/uploads\/2022\/08\/20220803_114203-scaled.jpg?resize=696%2C522&amp;ssl=1 696w, https:\/\/i0.wp.com\/liberationinfo.com\/wp-content\/uploads\/2022\/08\/20220803_114203-scaled.jpg?resize=1068%2C801&amp;ssl=1 1068w, https:\/\/i0.wp.com\/liberationinfo.com\/wp-content\/uploads\/2022\/08\/20220803_114203-scaled.jpg?resize=560%2C420&amp;ssl=1 560w, https:\/\/i0.wp.com\/liberationinfo.com\/wp-content\/uploads\/2022\/08\/20220803_114203-scaled.jpg?resize=1920%2C1440&amp;ssl=1 1920w, https:\/\/i0.wp.com\/liberationinfo.com\/wp-content\/uploads\/2022\/08\/20220803_114203-scaled.jpg?resize=750%2C563&amp;ssl=1 750w, https:\/\/i0.wp.com\/liberationinfo.com\/wp-content\/uploads\/2022\/08\/20220803_114203-scaled.jpg?resize=1140%2C855&amp;ssl=1 1140w, https:\/\/i0.wp.com\/liberationinfo.com\/wp-content\/uploads\/2022\/08\/20220803_114203-scaled.jpg?w=1392 1392w\" sizes=\"auto, (max-width: 300px) 100vw, 300px\" \/><\/a><\/p>\n<p>Au nom du Pr\u00e9sident de la Transition, Colonel Mamadi Doumbouya, le premier ministre par int\u00e9rim a remerci\u00e9 les organisateurs, avant de r\u00e9it\u00e9rer l&rsquo;engagement du chef de l\u2019Etat \u00e0 prot\u00e9ger tous les citoyens guin\u00e9ens.<\/p>\n<p>\u00ab <strong><em>C&rsquo;est une priorit\u00e9 du chef de l\u2019Etat, Colonel Mamadi Doumbouya de prot\u00e9ger tous les guin\u00e9ens, je remercie tout le monde pour cet accueil chaleureu<\/em><\/strong>.\u00bb, a-t-il conclu.<\/p>\n<p>Cette op\u00e9ration de distribution des gilets a \u00e9t\u00e9 rendue possible gr\u00e2ce \u00e0 l&rsquo;implication personnelle du pr\u00e9sident de la R\u00e9publique, chef de l\u2019Etat. L&rsquo;agence de Navigation Maritime\u00a0a pour r\u00f4le d\u2019assurer la police de la s\u00e9curit\u00e9 maritime pour la protection des vies humaines et le contr\u00f4le de la navigabilit\u00e9 des navires dans nos eaux.<\/p>\n<p><a href=\"https:\/\/i0.wp.com\/liberationinfo.com\/wp-content\/uploads\/2022\/08\/20220803_120022-scaled.jpg?ssl=1\"><img data-recalc-dims=\"1\" loading=\"lazy\" decoding=\"async\" width=\"300\" height=\"225\" class=\"alignnone size-medium wp-image-17342\" src=\"https:\/\/i0.wp.com\/liberationinfo.com\/wp-content\/uploads\/2022\/08\/20220803_120022-300x225.jpg?resize=300%2C225&#038;ssl=1\" alt=\"\" srcset=\"https:\/\/i0.wp.com\/liberationinfo.com\/wp-content\/uploads\/2022\/08\/20220803_120022-scaled.jpg?resize=300%2C225&amp;ssl=1 300w, https:\/\/i0.wp.com\/liberationinfo.com\/wp-content\/uploads\/2022\/08\/20220803_120022-scaled.jpg?resize=1024%2C768&amp;ssl=1 1024w, https:\/\/i0.wp.com\/liberationinfo.com\/wp-content\/uploads\/2022\/08\/20220803_120022-scaled.jpg?resize=768%2C576&amp;ssl=1 768w, https:\/\/i0.wp.com\/liberationinfo.com\/wp-content\/uploads\/2022\/08\/20220803_120022-scaled.jpg?resize=1536%2C1152&amp;ssl=1 1536w, https:\/\/i0.wp.com\/liberationinfo.com\/wp-content\/uploads\/2022\/08\/20220803_120022-scaled.jpg?resize=2048%2C1536&amp;ssl=1 2048w, https:\/\/i0.wp.com\/liberationinfo.com\/wp-content\/uploads\/2022\/08\/20220803_120022-scaled.jpg?resize=80%2C60&amp;ssl=1 80w, https:\/\/i0.wp.com\/liberationinfo.com\/wp-content\/uploads\/2022\/08\/20220803_120022-scaled.jpg?resize=265%2C198&amp;ssl=1 265w, https:\/\/i0.wp.com\/liberationinfo.com\/wp-content\/uploads\/2022\/08\/20220803_120022-scaled.jpg?resize=696%2C522&amp;ssl=1 696w, https:\/\/i0.wp.com\/liberationinfo.com\/wp-content\/uploads\/2022\/08\/20220803_120022-scaled.jpg?resize=1068%2C801&amp;ssl=1 1068w, https:\/\/i0.wp.com\/liberationinfo.com\/wp-content\/uploads\/2022\/08\/20220803_120022-scaled.jpg?resize=560%2C420&amp;ssl=1 560w, https:\/\/i0.wp.com\/liberationinfo.com\/wp-content\/uploads\/2022\/08\/20220803_120022-scaled.jpg?resize=1920%2C1440&amp;ssl=1 1920w, https:\/\/i0.wp.com\/liberationinfo.com\/wp-content\/uploads\/2022\/08\/20220803_120022-scaled.jpg?resize=750%2C563&amp;ssl=1 750w, https:\/\/i0.wp.com\/liberationinfo.com\/wp-content\/uploads\/2022\/08\/20220803_120022-scaled.jpg?resize=1140%2C855&amp;ssl=1 1140w, https:\/\/i0.wp.com\/liberationinfo.com\/wp-content\/uploads\/2022\/08\/20220803_120022-scaled.jpg?w=1392 1392w\" sizes=\"auto, (max-width: 300px) 100vw, 300px\" \/><\/a><\/p>\n<p>Une mission est mobilis\u00e9e pour la distribution des gilets sur toute l\u2019\u00e9tendue du territoire dans les jours avenirs, les pr\u00e9fectures de Coyah, For\u00e9cariah, Dubreka, Boffa et de la sous-pr\u00e9fecture de Kamsar seront la premi\u00e8re \u00e9tape de cette mission. Cette op\u00e9ration sera supervis\u00e9e et coordonn\u00e9e par l&rsquo;agence Navigation Maritime et la Marine Marchande.<\/p>\n<p>L\u2019objectif de cette distribution de gilets est de minimiser les pertes en vies humaines dans nos eaux. Une mani\u00e8re pour le pr\u00e9sident de la R\u00e9publique d\u2019assurer la s\u00e9curit\u00e9 des p\u00eacheurs artisanaux en haute mer.<\/p>\n<p>&nbsp;<\/p>\n<p><strong>Mohamed Camara\u00a0<\/strong><\/p>\n<p><strong>621 50 18 47<\/strong><\/p>\n<p>&nbsp;<\/p>\n<p>&nbsp;<\/p>\n<p>&nbsp;<\/p>\n<p>&nbsp;<\/p>\n<p>&nbsp;<\/p>\n<p>&nbsp;<\/p>\n<p>&nbsp;<\/p>\n<p>&nbsp;<\/p>\n<p>&nbsp;<\/p>\n<p>&nbsp;<\/p>\n<p>&nbsp;<\/p>\n<p>&nbsp;<\/p>\n<p>&nbsp;<\/p>\n<p>&nbsp;<\/p>\n<p>&nbsp;<\/p>\n<p>&nbsp;<\/p>\n<p>&nbsp;<\/p>\n<p>&nbsp;<\/p>\n<p>&nbsp;<\/p>\n","protected":false},"excerpt":{"rendered":"<p>&nbsp; C\u2018est parti pour la distribution de pr\u00e8s de 45 mille gilets de sauvetage offert par le pr\u00e9sident de la R\u00e9publique aux p\u00eacheurs du littoral Guin\u00e9en. Ce lancement de la campagne de sensibilisation et de distribution des gilets de sauvetage aux usagers de la mer a officiellement d\u00e9but\u00e9, ce mercredi 03 ao\u00fbt 2022, au port [&hellip;]<\/p>\n","protected":false},"author":2,"featured_media":17343,"comment_status":"closed","ping_status":"closed","sticky":false,"template":"","format":"standard","meta":{"_jetpack_memberships_contains_paid_content":false,"footnotes":""},"categories":[1],"tags":[],"class_list":["post-17333","post","type-post","status-publish","format-standard","has-post-thumbnail","hentry","category-non-classe"],"jetpack_featured_media_url":"https:\/\/i0.wp.com\/liberationinfo.com\/wp-content\/uploads\/2022\/08\/20220803_114723-scaled.jpg?fit=2560%2C1920&ssl=1","jetpack-related-posts":[],"jetpack_sharing_enabled":true,"_links":{"self":[{"href":"https:\/\/liberationinfo.com\/index.php\/wp-json\/wp\/v2\/posts\/17333","targetHints":{"allow":["GET"]}}],"collection":[{"href":"https:\/\/liberationinfo.com\/index.php\/wp-json\/wp\/v2\/posts"}],"about":[{"href":"https:\/\/liberationinfo.com\/index.php\/wp-json\/wp\/v2\/types\/post"}],"author":[{"embeddable":true,"href":"https:\/\/liberationinfo.com\/index.php\/wp-json\/wp\/v2\/users\/2"}],"replies":[{"embeddable":true,"href":"https:\/\/liberationinfo.com\/index.php\/wp-json\/wp\/v2\/comments?post=17333"}],"version-history":[{"count":0,"href":"https:\/\/liberationinfo.com\/index.php\/wp-json\/wp\/v2\/posts\/17333\/revisions"}],"wp:featuredmedia":[{"embeddable":true,"href":"https:\/\/liberationinfo.com\/index.php\/wp-json\/wp\/v2\/media\/17343"}],"wp:attachment":[{"href":"https:\/\/liberationinfo.com\/index.php\/wp-json\/wp\/v2\/media?parent=17333"}],"wp:term":[{"taxonomy":"category","embeddable":true,"href":"https:\/\/liberationinfo.com\/index.php\/wp-json\/wp\/v2\/categories?post=17333"},{"taxonomy":"post_tag","embeddable":true,"href":"https:\/\/liberationinfo.com\/index.php\/wp-json\/wp\/v2\/tags?post=17333"}],"curies":[{"name":"wp","href":"https:\/\/api.w.org\/{rel}","templated":true}]}}