{"id":17219,"date":"2022-07-28T14:43:12","date_gmt":"2022-07-28T14:43:12","guid":{"rendered":"https:\/\/liberationinfo.com\/?p=17219"},"modified":"2022-07-28T14:47:04","modified_gmt":"2022-07-28T14:47:04","slug":"marche-du-fndc-dans-le-grand-conakry-des-boutiques-et-magasins-sont-fermes-a-madina-constat","status":"publish","type":"post","link":"https:\/\/liberationinfo.com\/index.php\/marche-du-fndc-dans-le-grand-conakry-des-boutiques-et-magasins-sont-fermes-a-madina-constat\/","title":{"rendered":"Marche du FNDC dans le grand Conakry: Des boutiques et magasins sont ferm\u00e9s \u00e0 Madina."},"content":{"rendered":"<div class=\"the_title\">\n<h1><\/h1>\n<\/div>\n<div class=\"post_thumb\"><\/div>\n<div class=\"the_content\">\n<p>Le bras de fer entre le CNRD et le FNDC est entrain d&rsquo;avoir un impact n\u00e9gatif sur les activit\u00e9s quotidiennes des citoyens de Conakry. Le Front National pour la D\u00e9fense de la Constitution qui tenait mordicus \u00e0 manifester dans le grand Conakry, ce jeudi 28 juillet 2022, malgr\u00e9 l&rsquo;interdiction de toute manifestation sur les voies publiques par la junte guin\u00e9enne.<\/p>\n<p>\u00c0 d\u00e9faut de marcher sur les itin\u00e9raires pr\u00e9vus par les organisateurs pour exiger au CNRD d&rsquo;ouvrir une fen\u00eatre de dialogue concernant le chronogramme de la transition. Le FNDC a re\u00e7u \u00e0 paralyser les activit\u00e9s au niveau de plusieurs points cl\u00e9s de la capitale.<\/p>\n<p><a href=\"https:\/\/i0.wp.com\/liberationinfo.com\/wp-content\/uploads\/2022\/07\/IMG-20220728-WA0001-768x576-1.jpg?ssl=1\"><img data-recalc-dims=\"1\" loading=\"lazy\" decoding=\"async\" width=\"300\" height=\"225\" class=\"alignnone size-medium wp-image-17221\" src=\"https:\/\/i0.wp.com\/liberationinfo.com\/wp-content\/uploads\/2022\/07\/IMG-20220728-WA0001-768x576-1-300x225.jpg?resize=300%2C225&#038;ssl=1\" alt=\"\" srcset=\"https:\/\/i0.wp.com\/liberationinfo.com\/wp-content\/uploads\/2022\/07\/IMG-20220728-WA0001-768x576-1.jpg?resize=300%2C225&amp;ssl=1 300w, https:\/\/i0.wp.com\/liberationinfo.com\/wp-content\/uploads\/2022\/07\/IMG-20220728-WA0001-768x576-1.jpg?resize=80%2C60&amp;ssl=1 80w, https:\/\/i0.wp.com\/liberationinfo.com\/wp-content\/uploads\/2022\/07\/IMG-20220728-WA0001-768x576-1.jpg?resize=265%2C198&amp;ssl=1 265w, https:\/\/i0.wp.com\/liberationinfo.com\/wp-content\/uploads\/2022\/07\/IMG-20220728-WA0001-768x576-1.jpg?resize=696%2C522&amp;ssl=1 696w, https:\/\/i0.wp.com\/liberationinfo.com\/wp-content\/uploads\/2022\/07\/IMG-20220728-WA0001-768x576-1.jpg?resize=560%2C420&amp;ssl=1 560w, https:\/\/i0.wp.com\/liberationinfo.com\/wp-content\/uploads\/2022\/07\/IMG-20220728-WA0001-768x576-1.jpg?resize=750%2C563&amp;ssl=1 750w, https:\/\/i0.wp.com\/liberationinfo.com\/wp-content\/uploads\/2022\/07\/IMG-20220728-WA0001-768x576-1.jpg?w=768&amp;ssl=1 768w\" sizes=\"auto, (max-width: 300px) 100vw, 300px\" \/><\/a><\/p>\n<p>Tr\u00e8s t\u00f4t ce matin, notre reporter a fait un tour au march\u00e9 Madina, consid\u00e9r\u00e9 comme le plus grand march\u00e9 de la R\u00e9publique de Guin\u00e9e. Son constat r\u00e9v\u00e8le que des boutiques et magasins sont ferm\u00e9s \u00e0 cause de la peur et de la psychose cr\u00e9\u00e9e par les camps protagonistes.<\/p>\n<p>&nbsp;<\/p>\n<p>Malgr\u00e9 cette situation de peur qui r\u00e8gne dans ce march\u00e9, certains responsables des boutiques et magasins sont venus superviser leurs marchandises. Selon\u00a0Alpha Alliou Barry un responsable de boutique, il lance un appel aux bellig\u00e9rants :<\/p>\n<h1 class=\"entry-title\">\u00abM<strong><em>a pr\u00e9sence ici ce matin , c\u2019est pour garder mon magasin en cas de pagaille. Mais, Dieu merci tout est calme pour le moment ,et je demande au gouvernement guin\u00e9en et manifestants de se comprendre pour l\u2019int\u00e9r\u00eat de tous. comme disait l\u2019autre que l\u2019argent n\u2019aime pas de bruit<\/em> \u00bb<\/strong> a indiqu\u00e9.<\/h1>\n<\/div>\n<p>Ibrahima Sory Camara<\/p>\n","protected":false},"excerpt":{"rendered":"<p>Le bras de fer entre le CNRD et le FNDC est entrain d&rsquo;avoir un impact n\u00e9gatif sur les activit\u00e9s quotidiennes des citoyens de Conakry. Le Front National pour la D\u00e9fense de la Constitution qui tenait mordicus \u00e0 manifester dans le grand Conakry, ce jeudi 28 juillet 2022, malgr\u00e9 l&rsquo;interdiction de toute manifestation sur les voies [&hellip;]<\/p>\n","protected":false},"author":2,"featured_media":17220,"comment_status":"closed","ping_status":"closed","sticky":false,"template":"","format":"standard","meta":{"_jetpack_memberships_contains_paid_content":false,"footnotes":""},"categories":[4],"tags":[],"class_list":["post-17219","post","type-post","status-publish","format-standard","has-post-thumbnail","hentry","category-actu"],"jetpack_featured_media_url":"https:\/\/i0.wp.com\/liberationinfo.com\/wp-content\/uploads\/2022\/07\/1659017421452.jpg?fit=800%2C600&ssl=1","jetpack-related-posts":[],"jetpack_sharing_enabled":true,"_links":{"self":[{"href":"https:\/\/liberationinfo.com\/index.php\/wp-json\/wp\/v2\/posts\/17219","targetHints":{"allow":["GET"]}}],"collection":[{"href":"https:\/\/liberationinfo.com\/index.php\/wp-json\/wp\/v2\/posts"}],"about":[{"href":"https:\/\/liberationinfo.com\/index.php\/wp-json\/wp\/v2\/types\/post"}],"author":[{"embeddable":true,"href":"https:\/\/liberationinfo.com\/index.php\/wp-json\/wp\/v2\/users\/2"}],"replies":[{"embeddable":true,"href":"https:\/\/liberationinfo.com\/index.php\/wp-json\/wp\/v2\/comments?post=17219"}],"version-history":[{"count":0,"href":"https:\/\/liberationinfo.com\/index.php\/wp-json\/wp\/v2\/posts\/17219\/revisions"}],"wp:featuredmedia":[{"embeddable":true,"href":"https:\/\/liberationinfo.com\/index.php\/wp-json\/wp\/v2\/media\/17220"}],"wp:attachment":[{"href":"https:\/\/liberationinfo.com\/index.php\/wp-json\/wp\/v2\/media?parent=17219"}],"wp:term":[{"taxonomy":"category","embeddable":true,"href":"https:\/\/liberationinfo.com\/index.php\/wp-json\/wp\/v2\/categories?post=17219"},{"taxonomy":"post_tag","embeddable":true,"href":"https:\/\/liberationinfo.com\/index.php\/wp-json\/wp\/v2\/tags?post=17219"}],"curies":[{"name":"wp","href":"https:\/\/api.w.org\/{rel}","templated":true}]}}