{"id":16108,"date":"2022-05-30T12:25:49","date_gmt":"2022-05-30T12:25:49","guid":{"rendered":"https:\/\/liberationinfo.com\/?p=16108"},"modified":"2022-05-30T12:25:49","modified_gmt":"2022-05-30T12:25:49","slug":"affaire-air-guinee-aboubacar-soumah-prend-la-defense-de-cellou-dalein-diallo","status":"publish","type":"post","link":"https:\/\/liberationinfo.com\/index.php\/affaire-air-guinee-aboubacar-soumah-prend-la-defense-de-cellou-dalein-diallo\/","title":{"rendered":"Affaire Air Guin\u00e9e: Aboubacar Soumah prend la d\u00e9fense de Cellou Dalein Diallo."},"content":{"rendered":"<div class=\"jeg_ad jeg_article jnews_article_top_ads\">\n<div class=\"ads-wrapper  \">\n<div class=\"ads_code\"><\/div>\n<\/div>\n<\/div>\n<div class=\"row\">\n<div class=\"jeg_main_content col-md-8\">\n<div class=\"jeg_inner_content\">\n<div class=\"jeg_featured featured_image\">\n<div class=\"thumbnail-container animate-lazy\"><\/div>\n<\/div>\n<div class=\"entry-content no-share\">\n<div class=\"jeg_share_button share-float jeg_sticky_share clearfix share-monocrhome\"><\/div>\n<div class=\"content-inner \">\n<div class=\"jeg_ad jeg_ad_article jnews_content_inline_2_ads  \">\n<div class=\"ads-wrapper align-center \">\n<div class=\"ads_code\"><\/div>\n<\/div>\n<\/div>\n<div>\u00c9lu en 2013 d\u00e9put\u00e9 \u00e0 la neuvi\u00e8me l\u00e9gislature sous la banni\u00e8re de l&rsquo;union des forces d\u00e9mocratiques de Guin\u00e9e UFDG, Aboubacar Soumah avait d\u00e9missionn\u00e9 au sein du parti dirig\u00e9 par l&rsquo;ancien premier ministre, Cellou Dalein Diallo pour des divergences de vie.<\/div>\n<\/div>\n<\/div>\n<\/div>\n<div><\/div>\n<div>Convoqu\u00e9 par la cour de r\u00e9pression des infractions \u00e9conomiques et financi\u00e8res CRIEF, le 13 juin prochain \u00e0 compara\u00eetre dans l&rsquo;affaire Air Guin\u00e9e, pour des cas de d\u00e9tournements des deniers publics, corruption d\u2019agents publics et enrichissement illicite.<\/div>\n<div><\/div>\n<div>Aboubacar Soumah, pr\u00e9sident du parti Guin\u00e9e pour la D\u00e9mocratie et l\u2019\u00c9quilibre (GDE) prend la d\u00e9fense de son ancien patron, il d\u00e9nonce les man\u0153uvres dilatoires pour nuire au pr\u00e9sident de l\u2019UFDG.<\/div>\n<\/div>\n<div class=\"jeg_main_content col-md-8\">\n<div class=\"jeg_inner_content\">\n<div class=\"entry-content no-share\">\n<div class=\"content-inner \">\n<div><\/div>\n<p>&nbsp;<\/p>\n<div><b><i>\u00ab\u00a0Je suis un des t\u00e9moins vivants de cette situation. J\u2019avoue que j\u2019ai trop peur pour mon pays et pour mon peuple. J\u2019ai peur parce que lorsque la Guin\u00e9e doit se transformer encore en cimeti\u00e8re de ses \u00e9lites et de ses intellectuels, j\u2019ai peur pour mon pays. J\u2019ai peur pour mon pays lorsque la Guin\u00e9e doit encore redevenir l\u00e0 o\u00f9 c\u2019est la raison du plus fort. J\u2019ai peur pour mon pays lorsque je constate que la justice peut \u00eatre outre qu\u2019ind\u00e9pendante. J\u2019ai peur pour mon pays parce que tout simplement les fils Guin\u00e9ens qui, \u00e0 un moment se sont sacrifi\u00e9s pour apporter les modestes contributions pour le d\u00e9veloppement socio-\u00e9conomique de notre cher pays. Au lieu d\u2019\u00eatre r\u00e9compens\u00e9 positivement, se retrouvent dans les situations mis\u00e9rables, d\u2019humiliations, j\u2019ai peur pour mon pays. J\u2019avoue que Cellou Dalein Diallo avant d\u2019\u00eatre \u00e0 la t\u00eate du minist\u00e8re des transports, la Guin\u00e9e avait des Boeings. Deux de ces Boeings ont \u00e9t\u00e9 achet\u00e9s par la R\u00e9publique du Nigeria, Cellou n\u2019\u00e9tait pas encore ministre des transports. Cellou en sa qualit\u00e9 du ministre des transports, le minist\u00e8re qui engage la Guin\u00e9e sur le plan \u00e9conomique et financier, c\u2019est le minist\u00e8re de l\u2019\u00e9conomie et des finances. En plus du minist\u00e8re de l\u2019\u00e9conomie et des finances, apr\u00e8s le discours programme du 22 d\u00e9cembre 1985, il y a eu la cr\u00e9ation ou la mise en place d\u2019une cellule qu\u2019on appelle la cellule de privatisation qui s\u2019occupait de privatiser toutes les unit\u00e9s\u00a0 industrielles existantes, de toutes les entreprises d\u2019\u00c9tat et autres parce que nous avons chang\u00e9 de syst\u00e8me \u00e9conomique. De centralisme \u00e9conomique, on a adopt\u00e9 d\u00e9sormais le lib\u00e9ralisme \u00e9conomique. Les principes de l\u2019un ne peut pas fonctionner dans l\u2019autre. C\u2019est \u00e0 ce sens que les bailleurs de fonds, les institutions de Breton Wood\u00a0ont conseill\u00e9 \u00e0 la Guin\u00e9e de se lib\u00e9rer de Air Guin\u00e9e. On parle aujourd\u2019hui de Air Guin\u00e9e, les gens ne voient que l\u2019avion. Ce n\u2019est pas seulement l\u2019avion. Air Guin\u00e9e dans sa composition plurielle, les infrastructures, tout ce qui est dedans car cette structure qu\u2019on appelait Air Guin\u00e9e n\u2019\u00e9tait qu\u2019une simple structure\u00a0budg\u00e9tivore. Air Guin\u00e9e consommait plus que ne faisait rentrer dans les caisses\u00a0\u00bb<\/i><\/b>, a d\u00e9nonc\u00e9 Aboubacar Soumah.<\/div>\n<\/div>\n<\/div>\n<\/div>\n<div><\/div>\n<div><\/div>\n<div>Ibrahima sory camara<\/div>\n<\/div>\n<\/div>\n","protected":false},"excerpt":{"rendered":"<p>\u00c9lu en 2013 d\u00e9put\u00e9 \u00e0 la neuvi\u00e8me l\u00e9gislature sous la banni\u00e8re de l&rsquo;union des forces d\u00e9mocratiques de Guin\u00e9e UFDG, Aboubacar Soumah avait d\u00e9missionn\u00e9 au sein du parti dirig\u00e9 par l&rsquo;ancien premier ministre, Cellou Dalein Diallo pour des divergences de vie. Convoqu\u00e9 par la cour de r\u00e9pression des infractions \u00e9conomiques et financi\u00e8res CRIEF, le 13 juin [&hellip;]<\/p>\n","protected":false},"author":2,"featured_media":16109,"comment_status":"closed","ping_status":"closed","sticky":false,"template":"","format":"standard","meta":{"_jetpack_memberships_contains_paid_content":false,"footnotes":""},"categories":[5],"tags":[],"class_list":["post-16108","post","type-post","status-publish","format-standard","has-post-thumbnail","hentry","category-politique"],"jetpack_featured_media_url":"https:\/\/i0.wp.com\/liberationinfo.com\/wp-content\/uploads\/2022\/05\/F1E7AAE4-77B5-43DD-83E3-06E76D4511DE.jpeg?fit=1100%2C472&ssl=1","jetpack-related-posts":[],"jetpack_sharing_enabled":true,"_links":{"self":[{"href":"https:\/\/liberationinfo.com\/index.php\/wp-json\/wp\/v2\/posts\/16108","targetHints":{"allow":["GET"]}}],"collection":[{"href":"https:\/\/liberationinfo.com\/index.php\/wp-json\/wp\/v2\/posts"}],"about":[{"href":"https:\/\/liberationinfo.com\/index.php\/wp-json\/wp\/v2\/types\/post"}],"author":[{"embeddable":true,"href":"https:\/\/liberationinfo.com\/index.php\/wp-json\/wp\/v2\/users\/2"}],"replies":[{"embeddable":true,"href":"https:\/\/liberationinfo.com\/index.php\/wp-json\/wp\/v2\/comments?post=16108"}],"version-history":[{"count":0,"href":"https:\/\/liberationinfo.com\/index.php\/wp-json\/wp\/v2\/posts\/16108\/revisions"}],"wp:featuredmedia":[{"embeddable":true,"href":"https:\/\/liberationinfo.com\/index.php\/wp-json\/wp\/v2\/media\/16109"}],"wp:attachment":[{"href":"https:\/\/liberationinfo.com\/index.php\/wp-json\/wp\/v2\/media?parent=16108"}],"wp:term":[{"taxonomy":"category","embeddable":true,"href":"https:\/\/liberationinfo.com\/index.php\/wp-json\/wp\/v2\/categories?post=16108"},{"taxonomy":"post_tag","embeddable":true,"href":"https:\/\/liberationinfo.com\/index.php\/wp-json\/wp\/v2\/tags?post=16108"}],"curies":[{"name":"wp","href":"https:\/\/api.w.org\/{rel}","templated":true}]}}