{"id":1504,"date":"2020-09-12T10:25:02","date_gmt":"2020-09-12T09:25:02","guid":{"rendered":"http:\/\/liberationinfo.com\/?p=1504"},"modified":"2020-09-12T10:25:02","modified_gmt":"2020-09-12T09:25:02","slug":"presidentielle-2020-cellou-a-alpha-conde-je-suis-convaincu-que-le-peuple-de-guinee-va-le-sanctionner-severement-dans-cette-election","status":"publish","type":"post","link":"https:\/\/liberationinfo.com\/index.php\/presidentielle-2020-cellou-a-alpha-conde-je-suis-convaincu-que-le-peuple-de-guinee-va-le-sanctionner-severement-dans-cette-election\/","title":{"rendered":"Pr\u00e9sidentielle 2020 : Cellou \u00e0 Alpha Cond\u00e9 \u00ab Je suis convaincu que le peuple de Guin\u00e9e\u00a0va le sanctionner s\u00e9v\u00e8rement dans cette \u00e9lection.\u00bb"},"content":{"rendered":"<div class=\"jeg_ad jeg_article jnews_article_top_ads\">\n<div class=\"ads-wrapper \">\n<div class=\"ads_code\"><\/div>\n<\/div>\n<\/div>\n<div class=\"row\">\n<div class=\"jeg_main_content col-md-8\">\n<div class=\"jeg_inner_content\">\n<div class=\"entry-header\">\n<p>L\u2019ancien premier ministre El Hadj Cellou Dalein Diallo, conteste la l\u00e9galit\u00e9 de la candidature d\u2019Alpha Cond\u00e9, \u00e0 l\u2019\u00e9lection pr\u00e9sidentielle pr\u00e9vue en Guin\u00e9e, le 18 octobre prochain.<\/p>\n<p>Malgr\u00e9 le vote d\u2019une nouvelle constitution, en mars dernier, qui en donne droit au champion du RPG Arc-en-ciel, le leader de l\u2019UFDG, reste formel\u00a0: \u00ab<em>Alpha Cond\u00e9 est un candidat ill\u00e9gal dans cette \u00e9lection<\/em>\u00bb, a-t-il d\u00e9clar\u00e9 vendredi chez nos confr\u00e8res de seneweb.com.<\/p>\n<p>Toutefois, le principal opposant au r\u00e9gime de Conakry, compte surfer sur la d\u00e9termination, dit-il, du peuple de Guin\u00e9e, \u00e0 sanctionner Alpha Cond\u00e9 et sa gouvernance, pour mauvaise gestion et corruption g\u00e9n\u00e9ralis\u00e9e.<\/p>\n<p>\u00ab<em>Je suis convaincu que le peuple de Guin\u00e9e\u00a0va le sanctionner s\u00e9v\u00e8rement dans cette \u00e9lection. Tout \u00e0 l\u2019heure avant de venir sur ce plateau, j\u2019ai parl\u00e9 avec les gens de Kankan et de Siguiri, ils sont d\u00e9termin\u00e9s \u00e0 sanctionner Monsieur Alpha Cond\u00e9. J\u2019ai senti cette volont\u00e9 du peuple \u00e0 sanctionner s\u00e9v\u00e8rement Monsieur Alpha Cond\u00e9 pour avoir trahi son serment et la constitution sur laquelle il a jur\u00e9. Mais \u00e9galement pour la mauvaise gouvernance. La pauvret\u00e9 s\u2019est aggrav\u00e9e, les infrastructures se sont d\u00e9grad\u00e9es<\/em>\u00bb, a-t-il assen\u00e9.<\/p>\n<p>Et Cellou Dalein Diallo d\u2019appuyer sur la chanterelle en ces termes\u00a0: \u00ab<em>Les guin\u00e9ens ont pris conscience. Nous allons participer \u00e0 ces \u00e9lections, mais nous sommes convaincus que Alpha Cond\u00e9 sera s\u00e9v\u00e8rement sanctionn\u00e9. Et les guin\u00e9ens sont d\u00e9termin\u00e9s \u00e0 voter contre lui mais surtout \u00e0 pr\u00e9server leurs suffrages, \u00e0 les d\u00e9fendre. Et \u00e7a nous avons dit que nous participons \u00e0 ce d\u00e9fi l\u00e0 et nous nous engageons au niveau de l\u2019UFDG. Nous n\u2019avons jamais failli \u00e0 notre devoir de lutter par les manifestations, nous avons dit simplement qu\u2019on ajoute aux manifestations dans les rues et sur les places publiques, le combat dans les urnes pour donner l\u2019opportunit\u00e9 au peuple de Guin\u00e9e de sanctionner Monsieur Alpha Cond\u00e9, de le d\u00e9gager<\/em>\u00bb, a-t-il d\u00e9clar\u00e9.<\/p>\n<p>Dans son r\u00e9quisitoire habituel contre la gouvernance d\u2019Alpha Cond\u00e9, le leader de l\u2019UFDG, a notamment accus\u00e9 les dignitaires du r\u00e9gime de Conakry, d\u2019avoir fait mains basses sur les importantes ressources mini\u00e8res du pays, laissant le peuple v\u00e9g\u00e9ter dans la mis\u00e8re.<\/p>\n<p>&nbsp;<\/p>\n<\/div>\n<\/div>\n<\/div>\n<\/div>\n","protected":false},"excerpt":{"rendered":"<p>L\u2019ancien premier ministre El Hadj Cellou Dalein Diallo, conteste la l\u00e9galit\u00e9 de la candidature d\u2019Alpha Cond\u00e9, \u00e0 l\u2019\u00e9lection pr\u00e9sidentielle pr\u00e9vue en Guin\u00e9e, le 18 octobre prochain. Malgr\u00e9 le vote d\u2019une nouvelle constitution, en mars dernier, qui en donne droit au champion du RPG Arc-en-ciel, le leader de l\u2019UFDG, reste formel\u00a0: \u00abAlpha Cond\u00e9 est un candidat [&hellip;]<\/p>\n","protected":false},"author":2,"featured_media":1505,"comment_status":"open","ping_status":"open","sticky":false,"template":"","format":"standard","meta":{"_jetpack_memberships_contains_paid_content":false,"footnotes":""},"categories":[4,5,6],"tags":[],"class_list":["post-1504","post","type-post","status-publish","format-standard","has-post-thumbnail","hentry","category-actu","category-politique","category-societe"],"jetpack_featured_media_url":"https:\/\/i0.wp.com\/liberationinfo.com\/wp-content\/uploads\/2020\/09\/images-31.jpg?fit=640%2C358&ssl=1","jetpack-related-posts":[],"jetpack_sharing_enabled":true,"_links":{"self":[{"href":"https:\/\/liberationinfo.com\/index.php\/wp-json\/wp\/v2\/posts\/1504","targetHints":{"allow":["GET"]}}],"collection":[{"href":"https:\/\/liberationinfo.com\/index.php\/wp-json\/wp\/v2\/posts"}],"about":[{"href":"https:\/\/liberationinfo.com\/index.php\/wp-json\/wp\/v2\/types\/post"}],"author":[{"embeddable":true,"href":"https:\/\/liberationinfo.com\/index.php\/wp-json\/wp\/v2\/users\/2"}],"replies":[{"embeddable":true,"href":"https:\/\/liberationinfo.com\/index.php\/wp-json\/wp\/v2\/comments?post=1504"}],"version-history":[{"count":0,"href":"https:\/\/liberationinfo.com\/index.php\/wp-json\/wp\/v2\/posts\/1504\/revisions"}],"wp:featuredmedia":[{"embeddable":true,"href":"https:\/\/liberationinfo.com\/index.php\/wp-json\/wp\/v2\/media\/1505"}],"wp:attachment":[{"href":"https:\/\/liberationinfo.com\/index.php\/wp-json\/wp\/v2\/media?parent=1504"}],"wp:term":[{"taxonomy":"category","embeddable":true,"href":"https:\/\/liberationinfo.com\/index.php\/wp-json\/wp\/v2\/categories?post=1504"},{"taxonomy":"post_tag","embeddable":true,"href":"https:\/\/liberationinfo.com\/index.php\/wp-json\/wp\/v2\/tags?post=1504"}],"curies":[{"name":"wp","href":"https:\/\/api.w.org\/{rel}","templated":true}]}}