{"id":14824,"date":"2022-03-31T08:41:26","date_gmt":"2022-03-31T08:41:26","guid":{"rendered":"https:\/\/liberationinfo.com\/?p=14824"},"modified":"2022-03-31T08:43:14","modified_gmt":"2022-03-31T08:43:14","slug":"charles-wright-a-t-il-viole-son-devoir-de-reserve-en-tant-que-magistrat-comme-le-soutiennent-certains-me-traore","status":"publish","type":"post","link":"https:\/\/liberationinfo.com\/index.php\/charles-wright-a-t-il-viole-son-devoir-de-reserve-en-tant-que-magistrat-comme-le-soutiennent-certains-me-traore\/","title":{"rendered":"Charles Wright a-t-il viol\u00e9 son devoir de r\u00e9serve en tant que magistrat comme le soutiennent certains ? (Me Traor\u00e9)"},"content":{"rendered":"<div class=\"jeg_ad jeg_article jnews_article_top_ads\">\n<div class=\"ads-wrapper \">\n<div class=\"ads_code\"><\/div>\n<\/div>\n<\/div>\n<div class=\"row\">\n<div class=\"jeg_main_content col-md-8\">\n<div class=\"jeg_inner_content\">\n<div class=\"jeg_share_top_container\">\n<div class=\"jeg_share_button clearfix\">\n<div class=\"jeg_sharelist\"><\/div>\n<\/div>\n<\/div>\n<div class=\"jeg_ad jeg_article jnews_content_top_ads \">\n<div class=\"ads-wrapper \"><\/div>\n<\/div>\n<div class=\"entry-content no-share\">\n<div class=\"jeg_share_button share-float jeg_sticky_share clearfix share-monocrhome\">\n<div class=\"jeg_share_float_container\"><\/div>\n<\/div>\n<div class=\"content-inner \">\n<p>Voil\u00e0 une question dont la r\u00e9ponse pourrait jeter un \u00e9clairage sur le d\u00e9bat concernant la suspension de ce magistrat. Au prime abord, il est important de rappeler que, selon le statut des magistrats, le magistrat, avant d\u2019entrer en fonction, pr\u00eate serment entre autres de ne prendre aucune position publique et d\u2019observer en tout la r\u00e9serve. Le m\u00eame statut des magistrats reconna\u00eet au magistrat la libert\u00e9 d\u2019expression. Certains estiment cependant que le Procureur Charles Alphonse Wright aurait viol\u00e9 son devoir de r\u00e9serve. Le devoir de r\u00e9serve est l\u2019obligation qui est faite \u00e0 tout agent public de faire preuve de r\u00e9serve dans l\u2019expression \u00e9crite ou orale de ses opinions. Une opinion, c\u2019est ce que l\u2019on pense sur un sujet. Il est clair qu\u2019en rappelant les dispositions des articles 13 et 14 du Code de proc\u00e9dure p\u00e9nale, le magistrat n\u2019a pas exprim\u00e9 une opinion. Il a rappel\u00e9 en des termes clairs ce que le l\u00e9gislateur a dit sur une question donn\u00e9e. De m\u00eame que n\u2019importe quel juriste ne donne pas une opinion quand il invoque un texte de loi.<\/p>\n<p>Par ailleurs, conform\u00e9ment aux dispositions de l\u2019article 23 du Statut des magistrats qu\u2019il a toujours rappel\u00e9 d\u2019ailleurs, M. Charles Alphonse Wright n\u2019a jamais renonc\u00e9 \u00e0 sa libert\u00e9 d\u2019expression. Bien \u00e9videmment, l\u2019exercice de cette libert\u00e9 doit \u00eatre concili\u00e9 avec le devoir de r\u00e9serve qui appara\u00eet comme une limite \u00e0 cette libert\u00e9.<\/p>\n<p>Mais encore une fois, le droit de r\u00e9serve n\u2019existe que lorsqu\u2019il s\u2019agit d\u2019exprimer une opinion. Or, le rappel des dispositions l\u00e9gales n\u2019est pas une opinion. Par ailleurs, le l\u00e9gislateur n\u2019a nulle part interdit \u00e0 un magistrat d\u2019intervenir dans les m\u00e9dias sous r\u00e9serve de se conformer aux termes de son serment. Il faut d\u2019ailleurs faire une distinction entre le devoir de r\u00e9serve du magistrat du si\u00e8ge et celui du magistrat du parquet. On sait par exemple que le juge (magistrat du si\u00e8ge) ne doit pas exprimer une opinion ou une position sur des questions qui pourraient lui \u00eatre soumises. Et quand il est d\u00e9j\u00e0 saisi, sa position ne doit \u00eatre connue qu\u2019\u00e0 travers la d\u00e9cision qu\u2019il rendra mais pas avant. Ainsi, le magistrat du si\u00e8ge doit observer une certaine retenue m\u00eame quand il se borne \u00e0 rappeler ou \u00e9voquer la loi dans son expression \u00e9crite ou orale en public. En ce qui concerne les magistrats du parquet, le l\u00e9gislateur lui donne la possibilit\u00e9 de communiquer dans certaines hypoth\u00e8ses conform\u00e9ment aux dispositions de l\u2019article 8 du Code de proc\u00e9dure p\u00e9nale.<\/p>\n<div class=\"jeg_ad jeg_ad_article jnews_content_inline_ads \">\n<div class=\"ads-wrapper align-center \">\n<div class=\"ads_code\"><\/div>\n<\/div>\n<\/div>\n<p>On pourrait reprocher \u00e0 M. Charles Alphonse Wright d\u2019avoir us\u00e9 et abus\u00e9 quelquefois de ces dispositions relatives au droit reconnu au procureur de la R\u00e9publique de communiquer sur un dossier judiciaire y compris par voie de presse et \u00e0 certaines conditions. Mais est-ce une faute disciplinaire ? La r\u00e9ponse est non, d\u2019autant plus que lorsque le m\u00eame magistrat communiquait sur certains sujets, cela n\u2019incommodait pas ceux qui devaient \u00e9ventuellement le rappeler \u00e0 l\u2019ordre. Sans doute parce que ses fr\u00e9quentes sorties m\u00e9diatiques arrangeaient certains. Il a fallu qu\u2019il rappelle \u00e0 l\u2019ordre un des rares visages connus du CNRD pour que ces prises de parole devant la presse soient jug\u00e9es intempestives et anormales.<\/p>\n<p><strong>Me Mohamed Traor\u00e9<\/strong><\/p>\n<p><strong>Conseiller National<\/strong><\/p>\n<p><strong>Ancien B\u00e2tonnier<\/strong><\/p>\n<\/div>\n<\/div>\n<\/div>\n<\/div>\n<\/div>\n","protected":false},"excerpt":{"rendered":"<p>Voil\u00e0 une question dont la r\u00e9ponse pourrait jeter un \u00e9clairage sur le d\u00e9bat concernant la suspension de ce magistrat. Au prime abord, il est important de rappeler que, selon le statut des magistrats, le magistrat, avant d\u2019entrer en fonction, pr\u00eate serment entre autres de ne prendre aucune position publique et d\u2019observer en tout la r\u00e9serve. [&hellip;]<\/p>\n","protected":false},"author":2,"featured_media":14826,"comment_status":"closed","ping_status":"closed","sticky":false,"template":"","format":"standard","meta":{"_jetpack_memberships_contains_paid_content":false,"footnotes":""},"categories":[5,6],"tags":[],"class_list":["post-14824","post","type-post","status-publish","format-standard","has-post-thumbnail","hentry","category-politique","category-societe"],"jetpack_featured_media_url":"https:\/\/i0.wp.com\/liberationinfo.com\/wp-content\/uploads\/2022\/03\/traore_.png?fit=524%2C378&ssl=1","jetpack-related-posts":[],"jetpack_sharing_enabled":true,"_links":{"self":[{"href":"https:\/\/liberationinfo.com\/index.php\/wp-json\/wp\/v2\/posts\/14824","targetHints":{"allow":["GET"]}}],"collection":[{"href":"https:\/\/liberationinfo.com\/index.php\/wp-json\/wp\/v2\/posts"}],"about":[{"href":"https:\/\/liberationinfo.com\/index.php\/wp-json\/wp\/v2\/types\/post"}],"author":[{"embeddable":true,"href":"https:\/\/liberationinfo.com\/index.php\/wp-json\/wp\/v2\/users\/2"}],"replies":[{"embeddable":true,"href":"https:\/\/liberationinfo.com\/index.php\/wp-json\/wp\/v2\/comments?post=14824"}],"version-history":[{"count":0,"href":"https:\/\/liberationinfo.com\/index.php\/wp-json\/wp\/v2\/posts\/14824\/revisions"}],"wp:featuredmedia":[{"embeddable":true,"href":"https:\/\/liberationinfo.com\/index.php\/wp-json\/wp\/v2\/media\/14826"}],"wp:attachment":[{"href":"https:\/\/liberationinfo.com\/index.php\/wp-json\/wp\/v2\/media?parent=14824"}],"wp:term":[{"taxonomy":"category","embeddable":true,"href":"https:\/\/liberationinfo.com\/index.php\/wp-json\/wp\/v2\/categories?post=14824"},{"taxonomy":"post_tag","embeddable":true,"href":"https:\/\/liberationinfo.com\/index.php\/wp-json\/wp\/v2\/tags?post=14824"}],"curies":[{"name":"wp","href":"https:\/\/api.w.org\/{rel}","templated":true}]}}