{"id":13438,"date":"2022-01-23T16:07:37","date_gmt":"2022-01-23T16:07:37","guid":{"rendered":"https:\/\/liberationinfo.com\/?p=13438"},"modified":"2022-01-23T16:07:37","modified_gmt":"2022-01-23T16:07:37","slug":"universite-gamal-la-11eme-et-12eme-promotion-de-lipc-et-faculte-des-sciences-portent-desormais-le-nom-de-bakary-diaby","status":"publish","type":"post","link":"https:\/\/liberationinfo.com\/index.php\/universite-gamal-la-11eme-et-12eme-promotion-de-lipc-et-faculte-des-sciences-portent-desormais-le-nom-de-bakary-diaby\/","title":{"rendered":"Universit\u00e9-Gamal : la 11\u00e8me et 12\u00e8me promotion de l&rsquo;IPC et Facult\u00e9 des sciences portent d\u00e9sormais le nom de Bakary Diaby."},"content":{"rendered":"<p>&nbsp;<\/p>\n<p><strong>L\u2019institut polytechnique et de la facult\u00e9 des sciences a proc\u00e9d\u00e9, ce samedi 23 janvier 2022, \u00e0 la remise de dipl\u00f4mes \u00e0 la 11\u00e8me et 12\u00e8me promotion de ses \u00e9tudiants. C\u2019est \u00e0 travers une c\u00e9r\u00e9monie riche en couleurs que cette promotion, d\u00e9nomm\u00e9e \u00ab promotion Bakary Diaby \u00bb, du pr\u00e9sident directeur g\u00e9n\u00e9ral de la SOGUIBEC, a c\u00e9l\u00e9br\u00e9e cette remise, a constat\u00e9 Liberationinfo.com, \u00e0 travers un de ses reporters.<\/strong><\/p>\n<p><a href=\"https:\/\/i0.wp.com\/liberationinfo.com\/wp-content\/uploads\/2022\/01\/received_652026702602931.jpeg?ssl=1\"><img data-recalc-dims=\"1\" loading=\"lazy\" decoding=\"async\" width=\"300\" height=\"225\" class=\"alignnone size-medium wp-image-13439\" src=\"https:\/\/i0.wp.com\/liberationinfo.com\/wp-content\/uploads\/2022\/01\/received_652026702602931-300x225.jpeg?resize=300%2C225&#038;ssl=1\" alt=\"\" srcset=\"https:\/\/i0.wp.com\/liberationinfo.com\/wp-content\/uploads\/2022\/01\/received_652026702602931.jpeg?resize=300%2C225&amp;ssl=1 300w, https:\/\/i0.wp.com\/liberationinfo.com\/wp-content\/uploads\/2022\/01\/received_652026702602931.jpeg?resize=768%2C576&amp;ssl=1 768w, https:\/\/i0.wp.com\/liberationinfo.com\/wp-content\/uploads\/2022\/01\/received_652026702602931.jpeg?resize=80%2C60&amp;ssl=1 80w, https:\/\/i0.wp.com\/liberationinfo.com\/wp-content\/uploads\/2022\/01\/received_652026702602931.jpeg?resize=265%2C198&amp;ssl=1 265w, https:\/\/i0.wp.com\/liberationinfo.com\/wp-content\/uploads\/2022\/01\/received_652026702602931.jpeg?resize=696%2C522&amp;ssl=1 696w, https:\/\/i0.wp.com\/liberationinfo.com\/wp-content\/uploads\/2022\/01\/received_652026702602931.jpeg?resize=560%2C420&amp;ssl=1 560w, https:\/\/i0.wp.com\/liberationinfo.com\/wp-content\/uploads\/2022\/01\/received_652026702602931.jpeg?resize=750%2C563&amp;ssl=1 750w, https:\/\/i0.wp.com\/liberationinfo.com\/wp-content\/uploads\/2022\/01\/received_652026702602931.jpeg?w=816&amp;ssl=1 816w\" sizes=\"auto, (max-width: 300px) 100vw, 300px\" \/><\/a><br \/>\n<strong>Ils \u00e9taient des milliers d\u2019\u00e9tudiants, ce samedi, au palais du peuple, par\u00e9s dans leurs plus beaux atours, le c\u0153ur embaum\u00e9 de joie, venus c\u00e9l\u00e9brer la fin de leur cursus universitaire.<\/strong><\/p>\n<p><strong>C\u2019est la salle du congr\u00e8s de ladite enceinte, qui a servi de cadres pour abriter ses festivit\u00e9s de fin de cycle\u00a0de ces \u00e9tudiants.<\/strong><\/p>\n<p><a href=\"https:\/\/i0.wp.com\/liberationinfo.com\/wp-content\/uploads\/2022\/01\/received_670379707320309.jpeg?ssl=1\"><img data-recalc-dims=\"1\" loading=\"lazy\" decoding=\"async\" width=\"300\" height=\"225\" class=\"alignnone size-medium wp-image-13440\" src=\"https:\/\/i0.wp.com\/liberationinfo.com\/wp-content\/uploads\/2022\/01\/received_670379707320309-300x225.jpeg?resize=300%2C225&#038;ssl=1\" alt=\"\" srcset=\"https:\/\/i0.wp.com\/liberationinfo.com\/wp-content\/uploads\/2022\/01\/received_670379707320309.jpeg?resize=300%2C225&amp;ssl=1 300w, https:\/\/i0.wp.com\/liberationinfo.com\/wp-content\/uploads\/2022\/01\/received_670379707320309.jpeg?resize=768%2C576&amp;ssl=1 768w, https:\/\/i0.wp.com\/liberationinfo.com\/wp-content\/uploads\/2022\/01\/received_670379707320309.jpeg?resize=80%2C60&amp;ssl=1 80w, https:\/\/i0.wp.com\/liberationinfo.com\/wp-content\/uploads\/2022\/01\/received_670379707320309.jpeg?resize=265%2C198&amp;ssl=1 265w, https:\/\/i0.wp.com\/liberationinfo.com\/wp-content\/uploads\/2022\/01\/received_670379707320309.jpeg?resize=696%2C522&amp;ssl=1 696w, https:\/\/i0.wp.com\/liberationinfo.com\/wp-content\/uploads\/2022\/01\/received_670379707320309.jpeg?resize=560%2C420&amp;ssl=1 560w, https:\/\/i0.wp.com\/liberationinfo.com\/wp-content\/uploads\/2022\/01\/received_670379707320309.jpeg?resize=750%2C563&amp;ssl=1 750w, https:\/\/i0.wp.com\/liberationinfo.com\/wp-content\/uploads\/2022\/01\/received_670379707320309.jpeg?w=816&amp;ssl=1 816w\" sizes=\"auto, (max-width: 300px) 100vw, 300px\" \/><\/a><br \/>\n<strong>De leur c\u00f4t\u00e9, le nombre des \u00e9tudiants s&rsquo;\u00e9l\u00e8ve \u00e0 Pr\u00e8s de 500, par la voix de leur porte-parole, se sont engag\u00e9s \u00e0 se battre pour repr\u00e9senter valablement leur institut sur le march\u00e9 de l\u2019emploi o\u00f9 la concurrence est plus que rude. Il a remerci\u00e9 l&rsquo;homonyme de la promotion pour tout ce qui fait pour la jeunesse guin\u00e9enne depuis plusieurs ann\u00e9es maintenant.<\/strong><\/p>\n<p><a href=\"https:\/\/i0.wp.com\/liberationinfo.com\/wp-content\/uploads\/2022\/01\/received_359344352292492.jpeg?ssl=1\"><img data-recalc-dims=\"1\" loading=\"lazy\" decoding=\"async\" width=\"300\" height=\"225\" class=\"alignnone size-medium wp-image-13441\" src=\"https:\/\/i0.wp.com\/liberationinfo.com\/wp-content\/uploads\/2022\/01\/received_359344352292492-300x225.jpeg?resize=300%2C225&#038;ssl=1\" alt=\"\" srcset=\"https:\/\/i0.wp.com\/liberationinfo.com\/wp-content\/uploads\/2022\/01\/received_359344352292492.jpeg?resize=300%2C225&amp;ssl=1 300w, https:\/\/i0.wp.com\/liberationinfo.com\/wp-content\/uploads\/2022\/01\/received_359344352292492.jpeg?resize=768%2C576&amp;ssl=1 768w, https:\/\/i0.wp.com\/liberationinfo.com\/wp-content\/uploads\/2022\/01\/received_359344352292492.jpeg?resize=80%2C60&amp;ssl=1 80w, https:\/\/i0.wp.com\/liberationinfo.com\/wp-content\/uploads\/2022\/01\/received_359344352292492.jpeg?resize=265%2C198&amp;ssl=1 265w, https:\/\/i0.wp.com\/liberationinfo.com\/wp-content\/uploads\/2022\/01\/received_359344352292492.jpeg?resize=696%2C522&amp;ssl=1 696w, https:\/\/i0.wp.com\/liberationinfo.com\/wp-content\/uploads\/2022\/01\/received_359344352292492.jpeg?resize=560%2C420&amp;ssl=1 560w, https:\/\/i0.wp.com\/liberationinfo.com\/wp-content\/uploads\/2022\/01\/received_359344352292492.jpeg?resize=750%2C563&amp;ssl=1 750w, https:\/\/i0.wp.com\/liberationinfo.com\/wp-content\/uploads\/2022\/01\/received_359344352292492.jpeg?w=816&amp;ssl=1 816w\" sizes=\"auto, (max-width: 300px) 100vw, 300px\" \/><\/a><\/p>\n<p><strong>De nombreux invit\u00e9s ont pris part \u00e0 cette c\u00e9r\u00e9monie au cours de laquelle, le secr\u00e9taire g\u00e9n\u00e9ral de l\u2019Institut polytechnique, Karamoko Tour\u00e9,\u00a0 a dit que son institution a \u00e9t\u00e9 cr\u00e9\u00e9e dans le souci de r\u00e9pondre \u00e0 l\u2019attente de l\u2019Etat et surtout des entreprise priv\u00e9es :<\/strong><\/p>\n<p>\u00ab <em>Nous remercions tr\u00e8s sinc\u00e8rement le pr\u00e9sident directeur g\u00e9n\u00e9ral de la SOGUIBEC et en m\u00eame temps l&rsquo;homonyme de la promotion pour tout ce qui fait pour nous dans le cadre l\u2019employabilit\u00e9 des \u00e9tudiants de l\u2019universit\u00e9 Gamal Abdel Nasser de Conakry UGANC \u00bb, <\/em><strong>a-t-il soulign\u00e9.<\/strong><\/p>\n<p><a href=\"https:\/\/i0.wp.com\/liberationinfo.com\/wp-content\/uploads\/2022\/01\/received_647388936307640.jpeg?ssl=1\"><img data-recalc-dims=\"1\" loading=\"lazy\" decoding=\"async\" width=\"300\" height=\"225\" class=\"alignnone size-medium wp-image-13442\" src=\"https:\/\/i0.wp.com\/liberationinfo.com\/wp-content\/uploads\/2022\/01\/received_647388936307640-300x225.jpeg?resize=300%2C225&#038;ssl=1\" alt=\"\" srcset=\"https:\/\/i0.wp.com\/liberationinfo.com\/wp-content\/uploads\/2022\/01\/received_647388936307640.jpeg?resize=300%2C225&amp;ssl=1 300w, https:\/\/i0.wp.com\/liberationinfo.com\/wp-content\/uploads\/2022\/01\/received_647388936307640.jpeg?resize=768%2C576&amp;ssl=1 768w, https:\/\/i0.wp.com\/liberationinfo.com\/wp-content\/uploads\/2022\/01\/received_647388936307640.jpeg?resize=80%2C60&amp;ssl=1 80w, https:\/\/i0.wp.com\/liberationinfo.com\/wp-content\/uploads\/2022\/01\/received_647388936307640.jpeg?resize=265%2C198&amp;ssl=1 265w, https:\/\/i0.wp.com\/liberationinfo.com\/wp-content\/uploads\/2022\/01\/received_647388936307640.jpeg?resize=696%2C522&amp;ssl=1 696w, https:\/\/i0.wp.com\/liberationinfo.com\/wp-content\/uploads\/2022\/01\/received_647388936307640.jpeg?resize=560%2C420&amp;ssl=1 560w, https:\/\/i0.wp.com\/liberationinfo.com\/wp-content\/uploads\/2022\/01\/received_647388936307640.jpeg?resize=750%2C563&amp;ssl=1 750w, https:\/\/i0.wp.com\/liberationinfo.com\/wp-content\/uploads\/2022\/01\/received_647388936307640.jpeg?w=816&amp;ssl=1 816w\" sizes=\"auto, (max-width: 300px) 100vw, 300px\" \/><\/a><br \/>\n<strong>L&rsquo;homonyme de la promotion, le pr\u00e9sident directeur g\u00e9n\u00e9ral de la SOGUIBEC, s\u2019est dit tr\u00e8s honor\u00e9 par cette marque de confiance envers sa \u00ab modeste \u00bb personne, avant de saluer la formation dans notre pays de cardes moyens au b\u00e9n\u00e9fice des entreprises guin\u00e9ennes.<\/strong><\/p>\n<p><em>\u00ab Permettez-moi d\u2019ailleurs de profiter de cette occasion, en tant que chef d\u2019entreprise , d\u2019attirer l\u2019attention de cette auguste assistance, et surtout de ces jeunes promus, sur les d\u00e9fis auxquels ils seront bient\u00f4t confront\u00e9s pour l\u2019avenir de notre pays.Je veux parler ici du ch\u00f4mages des jeunes sur les sortants des universit\u00e9s du pays. Les derni\u00e8res d\u00e9cennies ont \u00e9t\u00e9 marqu\u00e9es par nombreuses crises \u00e9conomiques, s\u00e9curitaires, sanitaires et sociales. Ces crises ont des cons\u00e9quences importantes: une fragilisation du \u00e9conomique et social, du fait de la structure de son \u00e9conomie. L\u2019\u00e9conomie des pays africains au-del\u00e0 des effets des menaces internes n\u2019a pas \u00e9chapp\u00e9 aux effets de ces secousses internationales. Une immigration en massive vers les pays dits d\u00e9velopp\u00e9s. Je profite alors cette occasion pour lancer un appel \u00e0 mes coll\u00e8gues chefs d\u2019entreprise \u00e0 mener ensemble le combat le ch\u00f4mage afin de contenir la fuite des cerveaux et mieux accompagner les \u00e9tudiants sortants de nos \u00e9tablissements d\u2019enseignements sup\u00e9rieurs. Redonner de l\u2019attractivit\u00e9 pour \u00e9viter que le meilleurs profils ne partent \u00e0 l\u2019\u00e9tranger<\/em> \u00bb,<strong>a-t-il indiqu\u00e9<\/strong><\/p>\n<p><strong>Plus loin, Bakary Diaby a invit\u00e9 les \u00e9tudiants, \u00e0 devenir des entrepreneurs pour leur permettre d&rsquo;\u00eatre leurs propres patrons d\u2019entreprises<\/strong>.<\/p>\n<p><a href=\"https:\/\/i0.wp.com\/liberationinfo.com\/wp-content\/uploads\/2022\/01\/received_617056239558694.jpeg?ssl=1\"><img data-recalc-dims=\"1\" loading=\"lazy\" decoding=\"async\" width=\"300\" height=\"225\" class=\"alignnone size-medium wp-image-13443\" src=\"https:\/\/i0.wp.com\/liberationinfo.com\/wp-content\/uploads\/2022\/01\/received_617056239558694-300x225.jpeg?resize=300%2C225&#038;ssl=1\" alt=\"\" srcset=\"https:\/\/i0.wp.com\/liberationinfo.com\/wp-content\/uploads\/2022\/01\/received_617056239558694.jpeg?resize=300%2C225&amp;ssl=1 300w, https:\/\/i0.wp.com\/liberationinfo.com\/wp-content\/uploads\/2022\/01\/received_617056239558694.jpeg?resize=768%2C576&amp;ssl=1 768w, https:\/\/i0.wp.com\/liberationinfo.com\/wp-content\/uploads\/2022\/01\/received_617056239558694.jpeg?resize=80%2C60&amp;ssl=1 80w, https:\/\/i0.wp.com\/liberationinfo.com\/wp-content\/uploads\/2022\/01\/received_617056239558694.jpeg?resize=265%2C198&amp;ssl=1 265w, https:\/\/i0.wp.com\/liberationinfo.com\/wp-content\/uploads\/2022\/01\/received_617056239558694.jpeg?resize=696%2C522&amp;ssl=1 696w, https:\/\/i0.wp.com\/liberationinfo.com\/wp-content\/uploads\/2022\/01\/received_617056239558694.jpeg?resize=560%2C420&amp;ssl=1 560w, https:\/\/i0.wp.com\/liberationinfo.com\/wp-content\/uploads\/2022\/01\/received_617056239558694.jpeg?resize=750%2C563&amp;ssl=1 750w, https:\/\/i0.wp.com\/liberationinfo.com\/wp-content\/uploads\/2022\/01\/received_617056239558694.jpeg?w=816&amp;ssl=1 816w\" sizes=\"auto, (max-width: 300px) 100vw, 300px\" \/><\/a><\/p>\n<p>\u00ab <em>Chers \u00e9tudiants, je ne finirais ce discours sans vous encourager \u00e0 vous lancer dans l\u2019entreprenariat ,devenez vos propres patrons. Devenez des auto entrepreneurs, n\u2019attendez pas l\u2019Etat,car ne peut pas embaucher tout ce monde\u2026 En ma qualit\u00e9 d\u2019homonyme,mes portes vous seront ouvertes et je reste disponible pour partager mes connaissances et mes exp\u00e9riences avec tout un chacun de vous<\/em> \u00bb, <strong>a-t-il conseill\u00e9 le pr\u00e9sident directeur g\u00e9n\u00e9ral de la SOGUIBEC.<\/strong><\/p>\n<p><strong>Pour finir, il a ouvert son c\u0153ur \u00e0 ses nouveaux r\u00e9cipiendaires pour son soutien \u00e0 leur \u00e9gard :<\/strong><\/p>\n<p>\u00ab <em>En ma qualit\u00e9 d&rsquo;homonyme, mes portes vous sont ouvertes et je reste disponible pour partager mes connaissances et mes exp\u00e9riences avec tout un chacun de vous \u00bb<strong>,a<\/strong><\/em><strong>-t-il conclu Bakary Diaby.<\/strong><\/p>\n<p><strong>Il faut pr\u00e9ciser que l\u2019institut polytechnique et de la facult\u00e9 des sciences compte neuf (9) d\u00e9partements: G\u00e9nie \u00e9lectrique, G\u00e9nie Civil, G\u00e9nie chimique, T\u00e9l\u00e9communication, Math\u00e9matique, G\u00e9nie informatique, Physique, Biologie et Chimie.<\/strong><\/p>\n<p>&nbsp;<\/p>\n<p><strong>Mohamed Camara<\/strong><\/p>\n<p><strong>621 50 18 47<\/strong><\/p>\n","protected":false},"excerpt":{"rendered":"<p>&nbsp; L\u2019institut polytechnique et de la facult\u00e9 des sciences a proc\u00e9d\u00e9, ce samedi 23 janvier 2022, \u00e0 la remise de dipl\u00f4mes \u00e0 la 11\u00e8me et 12\u00e8me promotion de ses \u00e9tudiants. C\u2019est \u00e0 travers une c\u00e9r\u00e9monie riche en couleurs que cette promotion, d\u00e9nomm\u00e9e \u00ab promotion Bakary Diaby \u00bb, du pr\u00e9sident directeur g\u00e9n\u00e9ral de la SOGUIBEC, a [&hellip;]<\/p>\n","protected":false},"author":2,"featured_media":13444,"comment_status":"closed","ping_status":"closed","sticky":false,"template":"","format":"standard","meta":{"_jetpack_memberships_contains_paid_content":false,"footnotes":""},"categories":[4,5,6],"tags":[],"class_list":["post-13438","post","type-post","status-publish","format-standard","has-post-thumbnail","hentry","category-actu","category-politique","category-societe"],"jetpack_featured_media_url":"https:\/\/i0.wp.com\/liberationinfo.com\/wp-content\/uploads\/2022\/01\/received_973999863537948.jpeg?fit=816%2C612&ssl=1","jetpack-related-posts":[],"jetpack_sharing_enabled":true,"_links":{"self":[{"href":"https:\/\/liberationinfo.com\/index.php\/wp-json\/wp\/v2\/posts\/13438","targetHints":{"allow":["GET"]}}],"collection":[{"href":"https:\/\/liberationinfo.com\/index.php\/wp-json\/wp\/v2\/posts"}],"about":[{"href":"https:\/\/liberationinfo.com\/index.php\/wp-json\/wp\/v2\/types\/post"}],"author":[{"embeddable":true,"href":"https:\/\/liberationinfo.com\/index.php\/wp-json\/wp\/v2\/users\/2"}],"replies":[{"embeddable":true,"href":"https:\/\/liberationinfo.com\/index.php\/wp-json\/wp\/v2\/comments?post=13438"}],"version-history":[{"count":0,"href":"https:\/\/liberationinfo.com\/index.php\/wp-json\/wp\/v2\/posts\/13438\/revisions"}],"wp:featuredmedia":[{"embeddable":true,"href":"https:\/\/liberationinfo.com\/index.php\/wp-json\/wp\/v2\/media\/13444"}],"wp:attachment":[{"href":"https:\/\/liberationinfo.com\/index.php\/wp-json\/wp\/v2\/media?parent=13438"}],"wp:term":[{"taxonomy":"category","embeddable":true,"href":"https:\/\/liberationinfo.com\/index.php\/wp-json\/wp\/v2\/categories?post=13438"},{"taxonomy":"post_tag","embeddable":true,"href":"https:\/\/liberationinfo.com\/index.php\/wp-json\/wp\/v2\/tags?post=13438"}],"curies":[{"name":"wp","href":"https:\/\/api.w.org\/{rel}","templated":true}]}}