{"id":1335,"date":"2020-09-01T09:27:47","date_gmt":"2020-09-01T08:27:47","guid":{"rendered":"http:\/\/liberationinfo.com\/?p=1335"},"modified":"2020-09-01T09:27:47","modified_gmt":"2020-09-01T08:27:47","slug":"presidentielle-2020-alpha-conde-a-accepte-detre-candidat-communique-rpg","status":"publish","type":"post","link":"https:\/\/liberationinfo.com\/index.php\/presidentielle-2020-alpha-conde-a-accepte-detre-candidat-communique-rpg\/","title":{"rendered":"Pr\u00e9sidentielle 2020: Alpha Cond\u00e9 a \u201caccept\u00e9\u201d d\u2019\u00eatre candidat (Communiqu\u00e9 RPG)"},"content":{"rendered":"<p>C\u2019est par un communiqu\u00e9 que la direction du parti au pouvoir a annonc\u00e9 lundi la candidature du pr\u00e9sident Alpha Cond\u00e9 \u00e0 l\u2019\u00e9lection pr\u00e9sidentielle du 18 octobre 2020. Lors d\u2019une convention organis\u00e9e par le parti, Alpha Cond\u00e9 avait \u201cpris acte\u201d de sa d\u00e9signation et gard\u00e9 encore le suspense sur sa candidature.<\/p>\n<p>Quelques semaines apr\u00e8s, dans un communiqu\u00e9 lu ce lundi 31 ao\u00fbt 2020, par le directeur de la t\u00e9l\u00e9vision nationale, le RPG Arc-en-ciel annonce la fin du suspense.\u00a0<strong><em>\u201cSuite \u00e0 notre adresse transmise \u00e0 notre candidat choisi, le professeur Alpha Cond\u00e9, nous avons l\u2019immense privil\u00e8ge et le bonheur d\u2019informer la population guin\u00e9enne que celui-ci a acc\u00e9d\u00e9 \u00e0 notre demande. Le pr\u00e9sident Alpha Cond\u00e9 sera bien notre candidat \u00e0 l\u2019\u00e9lection pr\u00e9sidentielle du 18 octobre 2020\u201d,\u00a0<\/em><\/strong>dit-on dans le communiqu\u00e9.<\/p>\n","protected":false},"excerpt":{"rendered":"<p>C\u2019est par un communiqu\u00e9 que la direction du parti au pouvoir a annonc\u00e9 lundi la candidature du pr\u00e9sident Alpha Cond\u00e9 \u00e0 l\u2019\u00e9lection pr\u00e9sidentielle du 18 octobre 2020. Lors d\u2019une convention organis\u00e9e par le parti, Alpha Cond\u00e9 avait \u201cpris acte\u201d de sa d\u00e9signation et gard\u00e9 encore le suspense sur sa candidature. Quelques semaines apr\u00e8s, dans un [&hellip;]<\/p>\n","protected":false},"author":2,"featured_media":1336,"comment_status":"open","ping_status":"open","sticky":false,"template":"","format":"standard","meta":{"_jetpack_memberships_contains_paid_content":false,"footnotes":""},"categories":[4,5,6],"tags":[],"class_list":["post-1335","post","type-post","status-publish","format-standard","has-post-thumbnail","hentry","category-actu","category-politique","category-societe"],"jetpack_featured_media_url":"https:\/\/i0.wp.com\/liberationinfo.com\/wp-content\/uploads\/2020\/09\/images-23.jpg?fit=640%2C426&ssl=1","jetpack-related-posts":[],"jetpack_sharing_enabled":true,"_links":{"self":[{"href":"https:\/\/liberationinfo.com\/index.php\/wp-json\/wp\/v2\/posts\/1335","targetHints":{"allow":["GET"]}}],"collection":[{"href":"https:\/\/liberationinfo.com\/index.php\/wp-json\/wp\/v2\/posts"}],"about":[{"href":"https:\/\/liberationinfo.com\/index.php\/wp-json\/wp\/v2\/types\/post"}],"author":[{"embeddable":true,"href":"https:\/\/liberationinfo.com\/index.php\/wp-json\/wp\/v2\/users\/2"}],"replies":[{"embeddable":true,"href":"https:\/\/liberationinfo.com\/index.php\/wp-json\/wp\/v2\/comments?post=1335"}],"version-history":[{"count":0,"href":"https:\/\/liberationinfo.com\/index.php\/wp-json\/wp\/v2\/posts\/1335\/revisions"}],"wp:featuredmedia":[{"embeddable":true,"href":"https:\/\/liberationinfo.com\/index.php\/wp-json\/wp\/v2\/media\/1336"}],"wp:attachment":[{"href":"https:\/\/liberationinfo.com\/index.php\/wp-json\/wp\/v2\/media?parent=1335"}],"wp:term":[{"taxonomy":"category","embeddable":true,"href":"https:\/\/liberationinfo.com\/index.php\/wp-json\/wp\/v2\/categories?post=1335"},{"taxonomy":"post_tag","embeddable":true,"href":"https:\/\/liberationinfo.com\/index.php\/wp-json\/wp\/v2\/tags?post=1335"}],"curies":[{"name":"wp","href":"https:\/\/api.w.org\/{rel}","templated":true}]}}