{"id":13286,"date":"2022-01-17T08:11:12","date_gmt":"2022-01-17T08:11:12","guid":{"rendered":"https:\/\/liberationinfo.com\/?p=13286"},"modified":"2022-01-17T08:13:19","modified_gmt":"2022-01-17T08:13:19","slug":"porte-parolat-du-cpp-vers-la-confirmation-de-cellou-dalein-dr-makale-suppleante-ca-passe-ou-ca-casse","status":"publish","type":"post","link":"https:\/\/liberationinfo.com\/index.php\/porte-parolat-du-cpp-vers-la-confirmation-de-cellou-dalein-dr-makale-suppleante-ca-passe-ou-ca-casse\/","title":{"rendered":"Porte-parolat du CPP: vers la confirmation de Cellou Dalein, Dr Makal\u00e9, suppl\u00e9ante, \u00e7a passe ou \u00e7a casse !"},"content":{"rendered":"<div class=\"jeg_navbar_mobile_wrapper\">\n<div class=\"jeg_navbar_mobile notransition jeg_sticky_nav\">\n<div class=\"jeg_mobile_bottombar jeg_mobile_midbar jeg_container dark\">\n<div class=\"container\">\n<div class=\"jeg_nav_row\">\n<div class=\"jeg_nav_col jeg_nav_center jeg_nav_grow\">\n<div class=\"item_wrap jeg_nav_aligncenter\">\n<div class=\"jeg_nav_item jeg_mobile_logo\"><\/div>\n<\/div>\n<\/div>\n<\/div>\n<\/div>\n<\/div>\n<\/div>\n<\/div>\n<div class=\"post-wrapper\">\n<div class=\"post-wrap\">\n<div class=\"jeg_main \">\n<div class=\"jeg_container\">\n<div class=\"jeg_content jeg_singlepage\">\n<div class=\"container\">\n<div class=\"row\">\n<div class=\"jeg_main_content col-md-8\">\n<div class=\"jeg_inner_content\">\n<div class=\"jeg_share_top_container\">\n<div class=\"jeg_share_button clearfix\">\n<div class=\"jeg_sharelist\"><\/div>\n<\/div>\n<\/div>\n<div class=\"jeg_ad jeg_article jnews_content_top_ads \">\n<div class=\"ads-wrapper \"><\/div>\n<\/div>\n<div class=\"entry-content no-share\">\n<div class=\"jeg_share_button share-float jeg_sticky_share clearfix share-monocrhome\">\n<div class=\"jeg_share_float_container\"><\/div>\n<\/div>\n<div class=\"content-inner \">\n<p>Divis\u00e9 sur le choix du porte-parole, le collectif des partis politiques (CPP) se r\u00e9unit ce lundi au si\u00e8ge de la CORED chez Mamadou Sylla en pl\u00e9ni\u00e8re.<\/p>\n<p>Le sujet sur le nom de celui qui devra porter la voix de cette plateforme circonstancielle durant trois mois sera au c\u0153ur des discussions de ce lundi \u00e0 11 heures.<\/p>\n<p>M\u00eame si Cellou Dalein Diallo est \u00e0 l\u2019Etranger et dont le choix ne fait pas l\u2019unanimit\u00e9, il devrait \u00eatre confirm\u00e9 par la majorit\u00e9 des participants \u00e0 la r\u00e9union du jour \u00e0 Dixinn Bora.<\/p>\n<div class=\"jeg_ad jeg_ad_article jnews_content_inline_ads \">\n<div class=\"ads-wrapper align-center \">\n<div class=\"ads_code\"><\/div>\n<\/div>\n<\/div>\n<p>Le pr\u00e9sident de l\u2019ANAD aura comme suppl\u00e9ante Dr Makal\u00e9 Traor\u00e9, pr\u00e9sidente du parti FAN et vice-pr\u00e9sidente de la CORED.<\/p>\n<p>Le choix des deux d\u00e9sign\u00e9s par sept (7) des onze (11) coalitions membres du CPP pourrait provoquer ce lundi l\u2019implosion du CPP ou renforcer l\u2019unit\u00e9 d\u2019action jusque-l\u00e0 r\u00e9affirm\u00e9e par la classe politique face \u00e0 la junte.<\/p>\n<p>L\u2019ameublement des commissions devrait aussi \u00eatre au menu des \u00e9changes du jour. A ce niveau, il faut pr\u00e9ciser que le consensus ne se d\u00e9gage pas sur les noms propos\u00e9s \u00e0 la t\u00eate des cinq (5) commissions mises en place.<\/p>\n<p>Enfin, on apprend que la question des 15 repr\u00e9sentants de la classe politique au sein du futur CNT sera \u00e9galement abord\u00e9 par la centaine de partis politique invit\u00e9e chez le pr\u00e9sident de la CORED.<\/p>\n<p>A suivre !<\/p>\n<p><strong>Source: Mosaiqueguinee.com<\/strong><\/p>\n<div id=\"taboola-below-article\" class=\" trc_related_container trc_spotlight_widget tbl-feed-container tbl-feed-frame-DIVIDER render-late-effect\">\n<div class=\" tbl-feed-header tbl-logo-right-position\">\n<div class=\"tbl-feed-header-logo\"><\/div>\n<\/div>\n<\/div>\n<\/div>\n<\/div>\n<\/div>\n<\/div>\n<\/div>\n<\/div>\n<\/div>\n<\/div>\n<\/div>\n<\/div>\n<\/div>\n","protected":false},"excerpt":{"rendered":"<p>Divis\u00e9 sur le choix du porte-parole, le collectif des partis politiques (CPP) se r\u00e9unit ce lundi au si\u00e8ge de la CORED chez Mamadou Sylla en pl\u00e9ni\u00e8re. Le sujet sur le nom de celui qui devra porter la voix de cette plateforme circonstancielle durant trois mois sera au c\u0153ur des discussions de ce lundi \u00e0 11 [&hellip;]<\/p>\n","protected":false},"author":2,"featured_media":13289,"comment_status":"closed","ping_status":"closed","sticky":false,"template":"","format":"standard","meta":{"_jetpack_memberships_contains_paid_content":false,"footnotes":""},"categories":[4,5,6],"tags":[],"class_list":["post-13286","post","type-post","status-publish","format-standard","has-post-thumbnail","hentry","category-actu","category-politique","category-societe"],"jetpack_featured_media_url":"https:\/\/i0.wp.com\/liberationinfo.com\/wp-content\/uploads\/2022\/01\/cellou-dalein-diallo-2-1.jpg?fit=1459%2C1174&ssl=1","jetpack-related-posts":[],"jetpack_sharing_enabled":true,"_links":{"self":[{"href":"https:\/\/liberationinfo.com\/index.php\/wp-json\/wp\/v2\/posts\/13286","targetHints":{"allow":["GET"]}}],"collection":[{"href":"https:\/\/liberationinfo.com\/index.php\/wp-json\/wp\/v2\/posts"}],"about":[{"href":"https:\/\/liberationinfo.com\/index.php\/wp-json\/wp\/v2\/types\/post"}],"author":[{"embeddable":true,"href":"https:\/\/liberationinfo.com\/index.php\/wp-json\/wp\/v2\/users\/2"}],"replies":[{"embeddable":true,"href":"https:\/\/liberationinfo.com\/index.php\/wp-json\/wp\/v2\/comments?post=13286"}],"version-history":[{"count":0,"href":"https:\/\/liberationinfo.com\/index.php\/wp-json\/wp\/v2\/posts\/13286\/revisions"}],"wp:featuredmedia":[{"embeddable":true,"href":"https:\/\/liberationinfo.com\/index.php\/wp-json\/wp\/v2\/media\/13289"}],"wp:attachment":[{"href":"https:\/\/liberationinfo.com\/index.php\/wp-json\/wp\/v2\/media?parent=13286"}],"wp:term":[{"taxonomy":"category","embeddable":true,"href":"https:\/\/liberationinfo.com\/index.php\/wp-json\/wp\/v2\/categories?post=13286"},{"taxonomy":"post_tag","embeddable":true,"href":"https:\/\/liberationinfo.com\/index.php\/wp-json\/wp\/v2\/tags?post=13286"}],"curies":[{"name":"wp","href":"https:\/\/api.w.org\/{rel}","templated":true}]}}