{"id":1269,"date":"2020-08-28T06:37:17","date_gmt":"2020-08-28T05:37:17","guid":{"rendered":"http:\/\/liberationinfo.com\/?p=1269"},"modified":"2020-08-28T06:37:17","modified_gmt":"2020-08-28T05:37:17","slug":"presidentielle-2020-une-nouvelle-plate-forme-voit-le-jour-la-canor-pour-donner-un-nouveau-a-alpha-conde","status":"publish","type":"post","link":"https:\/\/liberationinfo.com\/index.php\/presidentielle-2020-une-nouvelle-plate-forme-voit-le-jour-la-canor-pour-donner-un-nouveau-a-alpha-conde\/","title":{"rendered":"Pr\u00e9sidentielle 2020 : une nouvelle plate-forme, voit le jour, la CANOR pour donner un nouveau \u00e0 Alpha Cond\u00e9&#8230;"},"content":{"rendered":"<p>Pour assurer la victoire du pr\u00e9sident de la R\u00e9publique Alpha Cond\u00e9 \u00e0 l\u2019\u00e9lection pr\u00e9sidentielle du 18 octobre prochain, la Coalition des Acteurs pour la Nouvelle R\u00e9publique (CANOR) a officiellement lanc\u00e9 ses activit\u00e9s ce Jeudi \u00e0 Conakry, dans un r\u00e9ceptif h\u00f4telier de la place. La c\u00e9r\u00e9monie a connu la pr\u00e9sence de plusieurs membres du gouvernement, de d\u00e9put\u00e9s et d&rsquo;autres cadres de l&rsquo;administration, sont venus massivement pour participer au lancement de cette nouvelle plate-forme des jeunes cadres du parti\u00a0 RPG-Arc-en-Ciel.<br \/>\nLe pr\u00e9sident, de la CANOR, Mohamed Sita Ciss\u00e9 a parl\u00e9 le bilan obtenu par le pr\u00e9sident de la r\u00e9publique et la n\u00e9cessit\u00e9 de l&rsquo;accorder un nouveau mandat pour lui mettre de parachever ses \u0153uvres.<\/p>\n<p>liberationinfo.com<\/p>\n","protected":false},"excerpt":{"rendered":"<p>Pour assurer la victoire du pr\u00e9sident de la R\u00e9publique Alpha Cond\u00e9 \u00e0 l\u2019\u00e9lection pr\u00e9sidentielle du 18 octobre prochain, la Coalition des Acteurs pour la Nouvelle R\u00e9publique (CANOR) a officiellement lanc\u00e9 ses activit\u00e9s ce Jeudi \u00e0 Conakry, dans un r\u00e9ceptif h\u00f4telier de la place. La c\u00e9r\u00e9monie a connu la pr\u00e9sence de plusieurs membres du gouvernement, de [&hellip;]<\/p>\n","protected":false},"author":2,"featured_media":1270,"comment_status":"open","ping_status":"open","sticky":false,"template":"","format":"standard","meta":{"_jetpack_memberships_contains_paid_content":false,"footnotes":""},"categories":[4,5,6],"tags":[],"class_list":["post-1269","post","type-post","status-publish","format-standard","has-post-thumbnail","hentry","category-actu","category-politique","category-societe"],"jetpack_featured_media_url":"https:\/\/i0.wp.com\/liberationinfo.com\/wp-content\/uploads\/2020\/08\/B8EF26F5-6BC8-4C6D-98DC-FF5FCCBC2FBF-300x160-1.jpeg?fit=640%2C341&ssl=1","jetpack-related-posts":[],"jetpack_sharing_enabled":true,"_links":{"self":[{"href":"https:\/\/liberationinfo.com\/index.php\/wp-json\/wp\/v2\/posts\/1269","targetHints":{"allow":["GET"]}}],"collection":[{"href":"https:\/\/liberationinfo.com\/index.php\/wp-json\/wp\/v2\/posts"}],"about":[{"href":"https:\/\/liberationinfo.com\/index.php\/wp-json\/wp\/v2\/types\/post"}],"author":[{"embeddable":true,"href":"https:\/\/liberationinfo.com\/index.php\/wp-json\/wp\/v2\/users\/2"}],"replies":[{"embeddable":true,"href":"https:\/\/liberationinfo.com\/index.php\/wp-json\/wp\/v2\/comments?post=1269"}],"version-history":[{"count":0,"href":"https:\/\/liberationinfo.com\/index.php\/wp-json\/wp\/v2\/posts\/1269\/revisions"}],"wp:featuredmedia":[{"embeddable":true,"href":"https:\/\/liberationinfo.com\/index.php\/wp-json\/wp\/v2\/media\/1270"}],"wp:attachment":[{"href":"https:\/\/liberationinfo.com\/index.php\/wp-json\/wp\/v2\/media?parent=1269"}],"wp:term":[{"taxonomy":"category","embeddable":true,"href":"https:\/\/liberationinfo.com\/index.php\/wp-json\/wp\/v2\/categories?post=1269"},{"taxonomy":"post_tag","embeddable":true,"href":"https:\/\/liberationinfo.com\/index.php\/wp-json\/wp\/v2\/tags?post=1269"}],"curies":[{"name":"wp","href":"https:\/\/api.w.org\/{rel}","templated":true}]}}