{"id":11722,"date":"2021-10-30T20:38:35","date_gmt":"2021-10-30T20:38:35","guid":{"rendered":"https:\/\/liberationinfo.com\/?p=11722"},"modified":"2021-10-30T20:43:13","modified_gmt":"2021-10-30T20:43:13","slug":"transition-en-guinee-et-au-mali-la-cedeao-organise-un-sommet-extraordinaire-le-7-novembre","status":"publish","type":"post","link":"https:\/\/liberationinfo.com\/index.php\/transition-en-guinee-et-au-mali-la-cedeao-organise-un-sommet-extraordinaire-le-7-novembre\/","title":{"rendered":"Transition en Guin\u00e9e et au Mali: la C\u00e9d\u00e9ao organise un sommet extraordinaire le 7 novembre"},"content":{"rendered":"<div class=\"entry-header\">\n<h1 class=\"jeg_post_title\"><\/h1>\n<\/div>\n<div class=\"jeg_share_top_container\">\n<div class=\"jeg_share_button clearfix\">\n<div class=\"jeg_share_stats\"><\/div>\n<div class=\"jeg_sharelist\"><\/div>\n<\/div>\n<\/div>\n<div class=\"jeg_ad jeg_article jnews_content_top_ads \">\n<div class=\"ads-wrapper \"><\/div>\n<\/div>\n<div class=\"entry-content no-share\">\n<div class=\"jeg_share_button share-float jeg_sticky_share clearfix share-monocrhome\">\n<div class=\"jeg_share_float_container\"><\/div>\n<\/div>\n<div class=\"content-inner \">\n<p>Dans une semaine tout juste, les chefs d\u2019\u00c9tat ouest-africains se r\u00e9uniront en sommet extraordinaire. C\u2019est une information RFI. Un sommet de la C\u00e9d\u00e9ao est en effet pr\u00e9vu le 7 novembre prochain pour statuer sur l\u2019\u00e9volution de la transition en Guin\u00e9e o\u00f9 une d\u00e9l\u00e9gation s\u2019est rendue vendredi. Mais au centre des discussions, il y aura aussi et surtout la transition au Mali alors que la tension est mont\u00e9e d\u2019un cran ces derniers jours entre la C\u00e9d\u00e9ao et la junte au pouvoir.<\/p>\n<p>Le t\u00e9l\u00e9phone a beaucoup sonn\u00e9 ces derniers jours entre Accra et les capitales de la r\u00e9gion. Les autorit\u00e9s ghan\u00e9ennes, qui assurent la pr\u00e9sidence tournante de l\u2019organisation sous-r\u00e9gionale, ont consult\u00e9 les chefs d\u2019\u00c9tat pour organiser en urgence un sommet sur l\u2019\u00e9volution de la situation au Mali et en Guin\u00e9e.<\/p>\n<p>Les pr\u00e9sidents ont donn\u00e9 leur accord\u00a0et une date est d\u00e9sormais arr\u00eat\u00e9e\u00a0:\u00a0le sommet aura lieu le 7 novembre prochain \u00e0 Accra, selon plusieurs sources. Ce\u00a0jour-l\u00e0, il sera question de la transition en Guin\u00e9e alors que les relations avec Conakry semblent s\u2019\u00eatre quelque peu pacifi\u00e9es. \u00c0\u00a0l\u2019ordre du jour \u00e9galement, la transition malienne.<\/p>\n<div class=\"jeg_ad jeg_ad_article jnews_content_inline_ads \">\n<div class=\"ads-wrapper align-center \">\n<div class=\"ads_code\"><\/div>\n<\/div>\n<\/div>\n<p>En visite \u00e0 Bamako le 17 octobre dernier, le pr\u00e9sident ghan\u00e9en Nana Akufo-Addo, avait d\u00e9livr\u00e9 un message de fermet\u00e9 quant au respect par les autorit\u00e9s du calendrier \u00e9lectoral. Les \u00e9lections, pr\u00e9sidentielle et l\u00e9gislatives, sont pr\u00e9vues \u00e0 partir du 27 f\u00e9vrier prochain. Or, les responsables de la junte au pouvoir r\u00e9p\u00e8tent vouloir organiser des assises nationales avant de fixer la date des \u00e9lections. La tension est mont\u00e9e d\u2019un cran cette semaine avec l\u2019expulsion lundi du repr\u00e9sentant de l\u2019organisation sous-r\u00e9gionale \u00e0 Bamako par le gouvernement malien.<\/p>\n<p>Ce dimanche, la junte militaire doit remettre \u00e0 la C\u00e9d\u00e9ao\u00a0un chronogramme. Celui-ci sera-t-il jug\u00e9 recevable par les chefs d\u2019\u00c9tat de la r\u00e9gion\u00a0?. Si tel n\u2019est pas le cas, des sanctions plus strictes pourraient-elles \u00eatre envisag\u00e9es\u00a0? C\u2019est l\u00e0 tout l\u2019enjeu du sommet de dimanche prochain.<\/p>\n<p><strong>RFI<\/strong><\/p>\n<\/div>\n<\/div>\n","protected":false},"excerpt":{"rendered":"<p>Dans une semaine tout juste, les chefs d\u2019\u00c9tat ouest-africains se r\u00e9uniront en sommet extraordinaire. C\u2019est une information RFI. Un sommet de la C\u00e9d\u00e9ao est en effet pr\u00e9vu le 7 novembre prochain pour statuer sur l\u2019\u00e9volution de la transition en Guin\u00e9e o\u00f9 une d\u00e9l\u00e9gation s\u2019est rendue vendredi. Mais au centre des discussions, il y aura aussi [&hellip;]<\/p>\n","protected":false},"author":2,"featured_media":11724,"comment_status":"closed","ping_status":"closed","sticky":false,"template":"","format":"standard","meta":{"_jetpack_memberships_contains_paid_content":false,"footnotes":""},"categories":[4,5,6],"tags":[],"class_list":["post-11722","post","type-post","status-publish","format-standard","has-post-thumbnail","hentry","category-actu","category-politique","category-societe"],"jetpack_featured_media_url":"https:\/\/i0.wp.com\/liberationinfo.com\/wp-content\/uploads\/2021\/10\/download-46.jpeg?fit=275%2C183&ssl=1","jetpack-related-posts":[],"jetpack_sharing_enabled":true,"_links":{"self":[{"href":"https:\/\/liberationinfo.com\/index.php\/wp-json\/wp\/v2\/posts\/11722","targetHints":{"allow":["GET"]}}],"collection":[{"href":"https:\/\/liberationinfo.com\/index.php\/wp-json\/wp\/v2\/posts"}],"about":[{"href":"https:\/\/liberationinfo.com\/index.php\/wp-json\/wp\/v2\/types\/post"}],"author":[{"embeddable":true,"href":"https:\/\/liberationinfo.com\/index.php\/wp-json\/wp\/v2\/users\/2"}],"replies":[{"embeddable":true,"href":"https:\/\/liberationinfo.com\/index.php\/wp-json\/wp\/v2\/comments?post=11722"}],"version-history":[{"count":0,"href":"https:\/\/liberationinfo.com\/index.php\/wp-json\/wp\/v2\/posts\/11722\/revisions"}],"wp:featuredmedia":[{"embeddable":true,"href":"https:\/\/liberationinfo.com\/index.php\/wp-json\/wp\/v2\/media\/11724"}],"wp:attachment":[{"href":"https:\/\/liberationinfo.com\/index.php\/wp-json\/wp\/v2\/media?parent=11722"}],"wp:term":[{"taxonomy":"category","embeddable":true,"href":"https:\/\/liberationinfo.com\/index.php\/wp-json\/wp\/v2\/categories?post=11722"},{"taxonomy":"post_tag","embeddable":true,"href":"https:\/\/liberationinfo.com\/index.php\/wp-json\/wp\/v2\/tags?post=11722"}],"curies":[{"name":"wp","href":"https:\/\/api.w.org\/{rel}","templated":true}]}}