{"id":1168,"date":"2020-08-22T05:46:30","date_gmt":"2020-08-22T04:46:30","guid":{"rendered":"http:\/\/liberationinfo.com\/?p=1168"},"modified":"2020-08-22T05:46:30","modified_gmt":"2020-08-22T04:46:30","slug":"ctg-nous-declarerons-louverture-dune-transition-a-linstant-meme-ou-monsieur-alpha-conde-annoncera-sa-candidature","status":"publish","type":"post","link":"https:\/\/liberationinfo.com\/index.php\/ctg-nous-declarerons-louverture-dune-transition-a-linstant-meme-ou-monsieur-alpha-conde-annoncera-sa-candidature\/","title":{"rendered":"CTG : \u00ab Nous d\u00e9clarerons l\u2019ouverture d\u2019une Transition \u00e0 l\u2019instant m\u00eame o\u00f9 Monsieur Alpha Cond\u00e9 annoncera sa candidature \u00bb"},"content":{"rendered":"<p><a href=\"https:\/\/www.guineenews.org\/wp-content\/uploads\/2020\/08\/COMMUNIQUE-CTG-2.pdf\">COMMUNIQUE CTG 2<\/a><\/p>\n<p>Ce vendredi 21 ao\u00fbt 2020, les repr\u00e9sentants des mouvements suivants : CTG, FNDC France, Troisi\u00e8me Dynamique, MUGFAG, SOS Racisme, Maison de l\u2019Afrique, coalition de la diaspora guin\u00e9enne et autres personnalit\u00e9s se sont r\u00e9unis \u00e0 l\u2019Antenne Flandre \u00e0 Paris, pour \u00e9voquer la situation politique en Guin\u00e9e et les actions \u00e0 mener face au projet de Pr\u00e9sidence \u00e0 Vie de monsieur Alpha Cond\u00e9.<\/p>\n<p>Les informations dont nous disposons pour l\u2019heure tendent \u00e0 confirmer que Monsieur Alpha Cond\u00e9 va se d\u00e9clarer candidat \u00e0 la farce d\u2019\u00e9lection pr\u00e9vue le 18 octobre prochain pour briguer un 3\u00e8me mandat.<\/p>\n<p>Nous demandons \u00e0 tous les leaders politiques de s\u2019opposer \u00e0 cette mascarade \u00e9lectorale.<\/p>\n<p>Nous mettons en garde Monsieur Alpha Cond\u00e9 et son clan, contre ce projet funeste qui risque de plonger notre pays d\u00e9j\u00e0 mal en point dans le chaos.<\/p>\n<p>En tout \u00e9tat de cause, sa d\u00e9claration de candidature n\u2019aura, \u00e0 notre sens, aucune autre signification que la fin officielle de sa l\u00e9gitimit\u00e9 de Pr\u00e9sident de la R\u00e9publique.<\/p>\n<p>Ainsi, nous d\u00e9clarerons l\u2019ouverture d\u2019une Transition \u00e0 l\u2019instant m\u00eame o\u00f9 Monsieur Alpha Cond\u00e9 annoncera sa candidature.<\/p>\n<p>On ne passe pas d\u2019un coup de la Dictature \u00e0 la D\u00e9mocratie et les \u00e9lections ne peuvent avoir lieu sans un total assainissement de leurs conditions d\u2019organisation.<\/p>\n<p>La transition est donc incontournable.<\/p>\n<p>Elle sera mise en \u0153uvre par un Conseil Sup\u00e9rieur de la Transition dont la composition sera connue dans les prochains jours.<\/p>\n<p>Le CTG et l\u2019ensemble des participants invitent le peuple de Guin\u00e9e seul d\u00e9tenteur de la Souverainet\u00e9 \u00e0 se mobiliser comme un seul homme pour soutenir la transition, et refuser par tous les moyens qu\u2019Alpha Cond\u00e9 et son clan prennent notre pays en otage.<\/p>\n<p><a href=\"mailto:Contact@224ctg.org\">Contact@224ctg.org<\/a><\/p>\n<p>T\u00e9l\u00e9phone : +337 52 45 20 53<\/p>\n<p>Ibrahime Sorel KEITA\/Souleymane DIALLO<\/p>\n","protected":false},"excerpt":{"rendered":"<p>COMMUNIQUE CTG 2 Ce vendredi 21 ao\u00fbt 2020, les repr\u00e9sentants des mouvements suivants : CTG, FNDC France, Troisi\u00e8me Dynamique, MUGFAG, SOS Racisme, Maison de l\u2019Afrique, coalition de la diaspora guin\u00e9enne et autres personnalit\u00e9s se sont r\u00e9unis \u00e0 l\u2019Antenne Flandre \u00e0 Paris, pour \u00e9voquer la situation politique en Guin\u00e9e et les actions \u00e0 mener face au [&hellip;]<\/p>\n","protected":false},"author":2,"featured_media":1169,"comment_status":"open","ping_status":"open","sticky":false,"template":"","format":"standard","meta":{"_jetpack_memberships_contains_paid_content":false,"footnotes":""},"categories":[4,5,6],"tags":[],"class_list":["post-1168","post","type-post","status-publish","format-standard","has-post-thumbnail","hentry","category-actu","category-politique","category-societe"],"jetpack_featured_media_url":"https:\/\/i0.wp.com\/liberationinfo.com\/wp-content\/uploads\/2020\/08\/0FCCEA40-6216-4FF2-AED4-ED40CC03F3EA.jpeg?fit=696%2C522&ssl=1","jetpack-related-posts":[],"jetpack_sharing_enabled":true,"_links":{"self":[{"href":"https:\/\/liberationinfo.com\/index.php\/wp-json\/wp\/v2\/posts\/1168","targetHints":{"allow":["GET"]}}],"collection":[{"href":"https:\/\/liberationinfo.com\/index.php\/wp-json\/wp\/v2\/posts"}],"about":[{"href":"https:\/\/liberationinfo.com\/index.php\/wp-json\/wp\/v2\/types\/post"}],"author":[{"embeddable":true,"href":"https:\/\/liberationinfo.com\/index.php\/wp-json\/wp\/v2\/users\/2"}],"replies":[{"embeddable":true,"href":"https:\/\/liberationinfo.com\/index.php\/wp-json\/wp\/v2\/comments?post=1168"}],"version-history":[{"count":0,"href":"https:\/\/liberationinfo.com\/index.php\/wp-json\/wp\/v2\/posts\/1168\/revisions"}],"wp:featuredmedia":[{"embeddable":true,"href":"https:\/\/liberationinfo.com\/index.php\/wp-json\/wp\/v2\/media\/1169"}],"wp:attachment":[{"href":"https:\/\/liberationinfo.com\/index.php\/wp-json\/wp\/v2\/media?parent=1168"}],"wp:term":[{"taxonomy":"category","embeddable":true,"href":"https:\/\/liberationinfo.com\/index.php\/wp-json\/wp\/v2\/categories?post=1168"},{"taxonomy":"post_tag","embeddable":true,"href":"https:\/\/liberationinfo.com\/index.php\/wp-json\/wp\/v2\/tags?post=1168"}],"curies":[{"name":"wp","href":"https:\/\/api.w.org\/{rel}","templated":true}]}}