{"id":1112,"date":"2020-08-19T14:24:32","date_gmt":"2020-08-19T13:24:32","guid":{"rendered":"http:\/\/liberationinfo.com\/?p=1112"},"modified":"2020-08-19T14:24:32","modified_gmt":"2020-08-19T13:24:32","slug":"marc-andre-boisvert-le-moral-de-larmee-malienne-est-en-crise","status":"publish","type":"post","link":"https:\/\/liberationinfo.com\/index.php\/marc-andre-boisvert-le-moral-de-larmee-malienne-est-en-crise\/","title":{"rendered":"Marc-Andr\u00e9 Boisvert: le moral de l&rsquo;arm\u00e9e malienne est en crise"},"content":{"rendered":"<p class=\"t-content__chapo\">Le pr\u00e9sident malien Ibrahim Boubacar Keita a annonc\u00e9 sa d\u00e9mission, celle de son gouvernement, ainsi que la dissolution de l&rsquo;Assembl\u00e9e nationale, apr\u00e8s un coup d&rsquo;\u00c9tat men\u00e9 par des officiers sup\u00e9rieurs maliens. Pour d\u00e9crypter l&rsquo;origine du m\u00e9contentement au sein de l&rsquo;arm\u00e9e, nous recevons Marc-Andr\u00e9 Boisvert, chercheur ind\u00e9pendant et fin connaisseur de l&rsquo;arm\u00e9e malienne.<\/p>\n<div class=\"t-content__body u-clearfix\">\n<div class=\"m-interstitial\">\n<div class=\"m-interstitial__ad\">\n<div class=\"m-block-ad \">\n<div class=\"m-block-ad__label m-block-ad__label--report-enabled\"><span class=\"m-block-ad__label__text\">PUBLICIT\u00c9<\/span><button class=\"m-block-ad__label__report-link\" title=\"Signaler cette publicit\u00e9\" data-tms-ad-report=\"\"><\/button><\/div>\n<div id=\"tms-block-4853723200543272\" class=\"m-block-ad__content\">\n<div id=\"google_ads_iframe_\/33480810\/web\/rfi\/fr\/edition\/pave1_0__container__\"><\/div>\n<\/div>\n<\/div>\n<\/div>\n<\/div>\n<p><strong>RFI<\/strong>\u00a0<strong>: Marc-Andr\u00e9 Boisvert, est-ce que vous \u00eates surpris par cette incursion de l\u2019arm\u00e9e dans la crise malienne<\/strong>\u00a0<strong>?<\/strong><\/p>\n<p><strong>Marc-Andr\u00e9 Boisvert<\/strong>\u00a0<strong>:<\/strong>\u00a0Ce qui est vraiment \u00e9tonnant, c\u2019est que cela arrive aujourd\u2019hui. \u00c7a fait quelques semaines, qu&rsquo;il y a quelques troubles sociaux \u00e0 Bamako et le fait que cela arrive \u00e0 ce moment-ci, c\u2019est assez surprenant. Ce qui est moins surprenant, c\u2019est que cela fait quand m\u00eame quelques semaines qu\u2019on sent un peu la tension au sein des forces arm\u00e9es maliennes, notamment pour des questions de soldes, mais aussi toute la pression accumul\u00e9e depuis 2012, vis-\u00e0-vis du combat. Donc aujourd\u2019hui, ce qu\u2019il faut voir, c\u2019est qu\u2019il y a beaucoup de frustrations. Cela fait longtemps que l\u2019on entend parler de ces frustrations et aujourd\u2019hui, c\u2019est un peu l\u2019aboutissement de tout cela. Il y a un ras-le-bol, on veut discuter, on veut faire avancer nos conditions\u2026<\/p>\n<p><strong>Qu\u2019est-ce qui alimente le plus cette frustration<\/strong>\u00a0<strong>?<\/strong><\/p>\n<p>Visiblement, le probl\u00e8me de soldes impay\u00e9s et le fait que jamais l\u2019arm\u00e9e malienne n\u2019a \u00e9t\u00e9 aussi mobilis\u00e9e au front. Il y a plusieurs promesses qui, en 2012, ont \u00e9t\u00e9 faites aux soldats pour qu\u2019ils retournent dans les casernes, au niveau des conditions de vie, notamment et qui reste \u00e0 r\u00e9aliser\u2026 De plus en plus, on a mis\u00e9 sur quelques corps d\u2019\u00e9lite pour d\u00e9fendre le Nord. Donc, \u00e9videmment, certaines personnes sont plus favoris\u00e9es que d\u2019autres, montent plus rapidement. Cela cr\u00e9e des frustrations.<\/p>\n<div id=\"tms-ad-inread-9092486779768716\" class=\"tms-ad\">\n<div id=\"divVideoStepAdBottom\" class=\"divVideoStep\"><\/div>\n<\/div>\n<p>L\u2019autre \u00e9l\u00e9ment, c\u2019est aussi &#8211; je ne sais pas si vous vous en souvenez &#8211; en 2012, on avait \u00e9tabli \u00ab\u00a0la prime Sanogo\u00a0\u00bb apr\u00e8s le putsch. C\u2019est une prime qu\u2019on donnait aux soldats pour aller au front. On la surnommait ainsi, car c\u2019est une revendication des putschistes qu\u2019ils ont r\u00e9ussi \u00e0 obtenir. Plusieurs soldats ont commenc\u00e9 \u00e0 la toucher et pour beaucoup d\u2019autres, le reste des conditions de vie n\u2019ont pas suivi. Le salaire de certains soldats reste assez bas, malgr\u00e9 un co\u00fbt de la vie qui a augment\u00e9.<\/p>\n<p><strong>Vous parliez du front\u2026 On a beaucoup reproch\u00e9 \u00e0 IBK son silence, apr\u00e8s des attaques jihadistes qui avaient provoqu\u00e9 de lourdes pertes chez les militaires. Est-ce que la fa\u00e7on dont le politique a g\u00e9r\u00e9 le militaire dans la crise jihadiste a pu contribuer \u00e0 fragiliser ces l\u00e9gitimit\u00e9s vis-\u00e0-vis de l\u2019arm\u00e9e<\/strong>\u00a0<strong>?<\/strong><\/p>\n<p>C\u2019est \u00e9videmment un point important. On fait face \u00e0 une guerre de long feu, o\u00f9, garder le moral est vraiment primordial. Au sein des forces arm\u00e9es, cela fait quand m\u00eame plusieurs ann\u00e9es, surtout depuis 2015, o\u00f9 le nombre de d\u00e9c\u00e8s au sein des militaires ne cesse d\u2019augmenter de fa\u00e7on dramatique. On a un peu l\u2019impression qu\u2019il n\u2019y a pas de plan de sortie. Pour beaucoup de soldats, cela commence \u00e0 \u00eatre lourd. On voit une crise du moral de l\u2019arm\u00e9e malienne qui augmente de plus en plus et c\u2019est un \u00e9l\u00e9ment important.<\/p>\n<p>Tout le monde conna\u00eet des gens qui sont d\u00e9c\u00e9d\u00e9s au front et \u00e0 chaque fois qu\u2019il y a une affectation, ils ne savent pas s\u2019ils vont revenir. Quelque part, il y a ce sentiment que le politique n\u2019en fait pas assez pour les prot\u00e9ger. Les conclusions du rapport du groupe d\u2019experts du Mali qui a \u00e9t\u00e9 publi\u00e9 r\u00e9cemment, s\u2019alignent un peu avec cette id\u00e9e pour les soldats, que la hi\u00e9rarchie n\u2019est pas l\u00e0 pour les soutenir.<\/p>\n<div id=\"tms-block-572486370031235\" class=\"o-self-promo o-self-promo--nl\">\n<div class=\"o-self-promo-wrapper\">\n<p class=\"o-self-promo__text\"><strong>Newsletter<\/strong>Recevez toute l&rsquo;actualit\u00e9 internationale directement dans votre boite mail<\/p>\n<p><span class=\"o-self-promo__picto-newsletter\">\u00a0<\/span><a class=\"o-self-promo__link o-self-promo__link--newsletter\" href=\"https:\/\/emailing.rfi.fr\/fr\/subscribe\" target=\"_blank\">Je m&rsquo;abonne\u00a0<\/a><\/div>\n<\/div>\n<p><strong>Alors justement, il y a eu beaucoup de scandales de corruption au sein de l\u2019arm\u00e9e malienne. Ces derni\u00e8res ann\u00e9es, il y avait le sentiment qu\u2019une minorit\u00e9 s\u2019enrichissait, tandis que le plus grand nombre allait p\u00e9rir au front. Est-ce que ces faits de corruption ont, l\u00e0 aussi, pu contribuer \u00e0 cr\u00e9er des incompr\u00e9hensions entre le politique et l\u2019arm\u00e9e<\/strong>\u00a0<strong>?<\/strong><\/p>\n<p>In\u00e9vitablement, d\u00e8s qu\u2019il y a un sentiment d\u2019in\u00e9galit\u00e9, parfois plus que les in\u00e9galit\u00e9s elles-m\u00eames, ce sentiment qu\u2019il y a de la corruption d\u00e9truit compl\u00e8tement une coh\u00e9sion, qui est n\u00e9cessaire pour faire face \u00e0 la crise actuelle. Ce que je per\u00e7ois de plus en plus au niveau de cette corruption, c\u2019est qu\u2019avant 2012 il y a toujours eu de la corruption au Mali. Mais maintenant, avec le fait que les fonds allou\u00e9s aux forces arm\u00e9es ont drastiquement augment\u00e9 depuis 2012, on voit l\u2019enrichissement de certaines personnes de plus en plus \u00e9vident, notamment certaines figures politiques. Pour les soldats, c\u2019est extr\u00eamement d\u00e9primant.<br \/>\nLes soldats disent qu\u2019avant 2012, il y avait beaucoup de corruption dans l\u2019arm\u00e9e malienne, mais tout le monde en profitait. Le chef distribuait \u00e0 ses troupes. Il y avait ce sentiment que cette corruption \u00e9tait un peu plus juste. Maintenant, quand les soldats parlent de corruption, ils disent qu\u2019il y a une \u00e9lite, qu\u2019il prend tout le butin et ne partage pas.<\/p>\n<p><strong>En 2012, lors du coup d\u2019\u00c9tat qui avait conduit \u00e0 la prise de pouvoir du capitaine Sanogo, ce sont des sous-officiers qui avaient dirig\u00e9 le mouvement. Cette fois-ci, les figures qui \u00e9mergent sont celles d\u2019officiers. Est-ce que cela change quelque chose<\/strong>\u00a0<strong>?<\/strong><\/p>\n<p>D\u00e9j\u00e0 cela nous laisse penser que les choses risquent d\u2019\u00eatre un peu plus contr\u00f4l\u00e9es. En 2012, \u00e0 chaque fois que je rencontrais des putschistes, la premi\u00e8re chose qu\u2019ils signalaient d\u2019une fa\u00e7on ou d\u2019une autre, c\u2019est leur propre surprise sur la fa\u00e7on dont les choses se sont pass\u00e9es\u2026 Je pense qu\u2019en 2012, quand les putschistes sont arriv\u00e9s au pouvoir, ils n\u2019ont jamais r\u00e9ellement eu l\u2019intention de faire un coup d\u2019\u00c9tat. Ils ont plus cueilli le pouvoir qu\u2019ils ont trouv\u00e9 sur le paillasson de Koulouba, quand ils sont rentr\u00e9s.<\/p>\n<p>Je pense aussi que les officiers savent tr\u00e8s bien qu\u2019ils ne peuvent pas &#8211; face aux conditions pr\u00e9sentes au Mali et face \u00e0 la pression internationale, notamment le coup d\u2019Etat de 2012, qui \u00e9t\u00e9 un \u00e9chec sur toute la ligne au niveau de la diplomatie -, les officiers savent tr\u00e8s bien que, si jamais ils d\u00e9cident de faire un coup, cela risque d\u2019\u00eatre tr\u00e8s temporaire et de n\u2019apporter aucun avantage pour eux.<\/p>\n<\/div>\n","protected":false},"excerpt":{"rendered":"<p>Le pr\u00e9sident malien Ibrahim Boubacar Keita a annonc\u00e9 sa d\u00e9mission, celle de son gouvernement, ainsi que la dissolution de l&rsquo;Assembl\u00e9e nationale, apr\u00e8s un coup d&rsquo;\u00c9tat men\u00e9 par des officiers sup\u00e9rieurs maliens. Pour d\u00e9crypter l&rsquo;origine du m\u00e9contentement au sein de l&rsquo;arm\u00e9e, nous recevons Marc-Andr\u00e9 Boisvert, chercheur ind\u00e9pendant et fin connaisseur de l&rsquo;arm\u00e9e malienne. PUBLICIT\u00c9 RFI\u00a0: Marc-Andr\u00e9 [&hellip;]<\/p>\n","protected":false},"author":2,"featured_media":1113,"comment_status":"open","ping_status":"open","sticky":false,"template":"","format":"standard","meta":{"_jetpack_memberships_contains_paid_content":false,"footnotes":""},"categories":[4,5,6],"tags":[],"class_list":["post-1112","post","type-post","status-publish","format-standard","has-post-thumbnail","hentry","category-actu","category-politique","category-societe"],"jetpack_featured_media_url":"https:\/\/i0.wp.com\/liberationinfo.com\/wp-content\/uploads\/2020\/08\/t%C3%A9l%C3%A9chargement-51.jpg?fit=640%2C358&ssl=1","jetpack-related-posts":[],"jetpack_sharing_enabled":true,"_links":{"self":[{"href":"https:\/\/liberationinfo.com\/index.php\/wp-json\/wp\/v2\/posts\/1112","targetHints":{"allow":["GET"]}}],"collection":[{"href":"https:\/\/liberationinfo.com\/index.php\/wp-json\/wp\/v2\/posts"}],"about":[{"href":"https:\/\/liberationinfo.com\/index.php\/wp-json\/wp\/v2\/types\/post"}],"author":[{"embeddable":true,"href":"https:\/\/liberationinfo.com\/index.php\/wp-json\/wp\/v2\/users\/2"}],"replies":[{"embeddable":true,"href":"https:\/\/liberationinfo.com\/index.php\/wp-json\/wp\/v2\/comments?post=1112"}],"version-history":[{"count":0,"href":"https:\/\/liberationinfo.com\/index.php\/wp-json\/wp\/v2\/posts\/1112\/revisions"}],"wp:featuredmedia":[{"embeddable":true,"href":"https:\/\/liberationinfo.com\/index.php\/wp-json\/wp\/v2\/media\/1113"}],"wp:attachment":[{"href":"https:\/\/liberationinfo.com\/index.php\/wp-json\/wp\/v2\/media?parent=1112"}],"wp:term":[{"taxonomy":"category","embeddable":true,"href":"https:\/\/liberationinfo.com\/index.php\/wp-json\/wp\/v2\/categories?post=1112"},{"taxonomy":"post_tag","embeddable":true,"href":"https:\/\/liberationinfo.com\/index.php\/wp-json\/wp\/v2\/tags?post=1112"}],"curies":[{"name":"wp","href":"https:\/\/api.w.org\/{rel}","templated":true}]}}