{"id":10514,"date":"2021-09-15T06:34:00","date_gmt":"2021-09-15T06:34:00","guid":{"rendered":"https:\/\/liberationinfo.com\/?p=10514"},"modified":"2021-09-15T06:34:00","modified_gmt":"2021-09-15T06:34:00","slug":"cote-divoire-larmee-en-alerte-maximale-le-palais-presidentiel-quadrille","status":"publish","type":"post","link":"https:\/\/liberationinfo.com\/index.php\/cote-divoire-larmee-en-alerte-maximale-le-palais-presidentiel-quadrille\/","title":{"rendered":"C\u00f4te d\u2019Ivoire : l\u2019arm\u00e9e en alerte maximale, le palais pr\u00e9sidentiel quadrill\u00e9"},"content":{"rendered":"<div class=\"td-post-header\">\n<header class=\"td-post-title\">\n<h1 class=\"entry-title\"><\/h1>\n<div class=\"td-module-meta-info\">\n<div class=\"td-post-comments\"><\/div>\n<\/div>\n<\/header>\n<\/div>\n<div class=\"td-post-content\">\n<div class=\"td-post-featured-image\"><\/div>\n<div class=\"td-g-rec td-g-rec-id-content_top  \"><\/div>\n<div id=\"quads-ad1\" class=\"quads-location quads-ad1\"><\/div>\n<div class=\"td-g-rec td-g-rec-id-content_inline  \"><\/div>\n<div class=\"td-g-rec td-g-rec-id-content_inline  \"><strong>Depuis quelques jours, l\u2019arm\u00e9e ivoirienne a renforc\u00e9 la s\u00e9curit\u00e9 dans la commune du Plateau qui abrite le palais pr\u00e9sidentiel. Un dispositif s\u00e9curitaire assez remarquable a \u00e9t\u00e9 d\u00e9ploy\u00e9 au point o\u00f9, l\u2019on croirait que la commune est en \u00e9tat de si\u00e8ge.<\/strong><\/div>\n<p>Les hommes en uniforme ont assi\u00e9g\u00e9 les voies et art\u00e8res de la cit\u00e9 des affaires. Plus rien ne passe sans \u00eatre contr\u00f4l\u00e9 dans la commune du Plateau \u00e0 partir d\u2019une certaine heure. Les taxis, les gros camions, les v\u00e9hicules personnels\u2026sont appel\u00e9s \u00e0 se conformer \u00e0 la nouvelle donne. Tout est scruter \u00e0 la lettre par l\u2019arm\u00e9e qui indique aux conducteurs, les d\u00e9viations pour qu\u2019ils ne \u00ab tra\u00eenent \u00bb dans les encablures du palais pr\u00e9sidentiel, quadrill\u00e9.<\/p>\n<div id=\"quads-ad2\" class=\"quads-location quads-ad2\"><\/div>\n<p>Selon L\u2019infodrome, il est interdit d\u2019emprunter le boulevard de la R\u00e9publique dans le sens du stade F\u00e9lix Houphou\u00ebt-Boigny-palais pr\u00e9sidentiel. Dans l\u2019autre sens, pr\u00e9cise la source, tous les v\u00e9hicules venant de Treichville par le pont FHB et qui devraient passer devant la direction g\u00e9n\u00e9rale de la police nationale et la direction g\u00e9n\u00e9rale des douanes sont somm\u00e9s de s\u2019arr\u00eater. \u00ab Un cargo de police de la Compagnie r\u00e9publicaine de S\u00e9curit\u00e9 (CRS) coupe la voie en deux \u00bb, d\u00e9taille la source.<\/p>\n<p>De sources officielles, aucune raison n\u2019a \u00e9t\u00e9 donn\u00e9e sur ce renforcement de la s\u00e9curit\u00e9 observ\u00e9 dans la commune du Plateau notamment aux alentours du palais pr\u00e9sidentiel depuis quelques jours.<\/p>\n<p>BA<\/p>\n<\/div>\n","protected":false},"excerpt":{"rendered":"<p>Depuis quelques jours, l\u2019arm\u00e9e ivoirienne a renforc\u00e9 la s\u00e9curit\u00e9 dans la commune du Plateau qui abrite le palais pr\u00e9sidentiel. Un dispositif s\u00e9curitaire assez remarquable a \u00e9t\u00e9 d\u00e9ploy\u00e9 au point o\u00f9, l\u2019on croirait que la commune est en \u00e9tat de si\u00e8ge. Les hommes en uniforme ont assi\u00e9g\u00e9 les voies et art\u00e8res de la cit\u00e9 des affaires. [&hellip;]<\/p>\n","protected":false},"author":2,"featured_media":10515,"comment_status":"closed","ping_status":"closed","sticky":false,"template":"","format":"standard","meta":{"_jetpack_memberships_contains_paid_content":false,"footnotes":""},"categories":[4,5],"tags":[],"class_list":["post-10514","post","type-post","status-publish","format-standard","has-post-thumbnail","hentry","category-actu","category-politique"],"jetpack_featured_media_url":"https:\/\/i0.wp.com\/liberationinfo.com\/wp-content\/uploads\/2021\/09\/63A9C037-0F81-4A72-9E9E-747B6419F0E9-811x420-1.jpeg?fit=811%2C420&ssl=1","jetpack-related-posts":[],"jetpack_sharing_enabled":true,"_links":{"self":[{"href":"https:\/\/liberationinfo.com\/index.php\/wp-json\/wp\/v2\/posts\/10514","targetHints":{"allow":["GET"]}}],"collection":[{"href":"https:\/\/liberationinfo.com\/index.php\/wp-json\/wp\/v2\/posts"}],"about":[{"href":"https:\/\/liberationinfo.com\/index.php\/wp-json\/wp\/v2\/types\/post"}],"author":[{"embeddable":true,"href":"https:\/\/liberationinfo.com\/index.php\/wp-json\/wp\/v2\/users\/2"}],"replies":[{"embeddable":true,"href":"https:\/\/liberationinfo.com\/index.php\/wp-json\/wp\/v2\/comments?post=10514"}],"version-history":[{"count":0,"href":"https:\/\/liberationinfo.com\/index.php\/wp-json\/wp\/v2\/posts\/10514\/revisions"}],"wp:featuredmedia":[{"embeddable":true,"href":"https:\/\/liberationinfo.com\/index.php\/wp-json\/wp\/v2\/media\/10515"}],"wp:attachment":[{"href":"https:\/\/liberationinfo.com\/index.php\/wp-json\/wp\/v2\/media?parent=10514"}],"wp:term":[{"taxonomy":"category","embeddable":true,"href":"https:\/\/liberationinfo.com\/index.php\/wp-json\/wp\/v2\/categories?post=10514"},{"taxonomy":"post_tag","embeddable":true,"href":"https:\/\/liberationinfo.com\/index.php\/wp-json\/wp\/v2\/tags?post=10514"}],"curies":[{"name":"wp","href":"https:\/\/api.w.org\/{rel}","templated":true}]}}