{"id":10308,"date":"2021-09-09T11:13:26","date_gmt":"2021-09-09T11:13:26","guid":{"rendered":"https:\/\/liberationinfo.com\/?p=10308"},"modified":"2021-09-09T11:15:07","modified_gmt":"2021-09-09T11:15:07","slug":"gouvernement-de-transition-sidya-toure-se-prononce-nous-privilegions-la-concertation-pour-quon-puisse-mettre-en-place-un-gouvernement-de-transition","status":"publish","type":"post","link":"https:\/\/liberationinfo.com\/index.php\/gouvernement-de-transition-sidya-toure-se-prononce-nous-privilegions-la-concertation-pour-quon-puisse-mettre-en-place-un-gouvernement-de-transition\/","title":{"rendered":"Gouvernement de transition : Sidya Tour\u00e9 se prononce \u00ab nous privil\u00e9gions la concertation, pour qu\u2019on puisse mettre en place un gouvernement de transition&#8230; \u00bb"},"content":{"rendered":"<div class=\"entry-header\">\n<h1 class=\"jeg_post_title\"><\/h1>\n<\/div>\n<div class=\"jeg_ad jeg_article jnews_content_top_ads \">\n<div class=\"ads-wrapper \"><\/div>\n<\/div>\n<div class=\"entry-content no-share\">\n<div class=\"jeg_share_button share-float jeg_sticky_share clearfix share-monocrhome\">\n<div class=\"jeg_share_float_container\"><\/div>\n<\/div>\n<div class=\"content-inner \">\n<p><strong>Le pr\u00e9sident de l&rsquo;union des forces r\u00e9publicaines UFR, Sidya Tour\u00e9 s&rsquo;est prononc\u00e9 sur la transition \u00e0 venir en Guin\u00e9e. Pour l&rsquo;ancien premier ministre, tous les Guin\u00e9ens doivent se donner la main pour accompagner une transition apais\u00e9e.\u00a0<\/strong><\/p>\n<p><strong>\u00c0 propos de la participation de son parti au futur gouvernement, Sidya Tour\u00e9 a privil\u00e9gi\u00e9 l&rsquo;int\u00e9r\u00eat national, nous privil\u00e9gions la concertation pour qu\u2019on mettre en place un gouvernement de transition .<\/strong><\/p>\n<p><em>\u00ab Nous privil\u00e9gions l<i>a concertation, pour qu\u2019on puisse mettre en place un gouvernement de transition et qu\u2019on fasse en sorte que nous n\u00e9gocions quelque chose qui nous permettra de ne pas \u00eatre exclus totalement des financements ext\u00e9rieurs et de nos rapports avec la CEDEAO et l\u2019UA \u00bb,\u00a0<\/i><\/em>a-t-il indiqu\u00e9.<\/p>\n<div class=\"jeg_ad jeg_ad_article jnews_content_inline_ads \">\n<div class=\"ads-wrapper align-center \">\n<div class=\"ads_code\">Avant d\u2019ajouter : <strong><b>\u00ab<\/b><\/strong><em><i>Nous devons tous participer, pas \u00e0 titre individuel. Mais s\u2019il y avait un gouvernement, les gens participeront, nous les soutiendrons pour le faire, mais nous serons dans la concertation pour donner notre point de vue, pour faire en sorte que ce soit une r\u00e9ussite, c\u2019est \u00e7a notre objectif c\u2019est-\u00e0-dire qu\u2019on ait un consensus qui soit veillant mais qui y ait \u00e9galement une nouvelle constitution qui ne sera pas loin de l\u2019ancienne constitution qu\u2019on avait eu en 2010 \u00bb<\/i><\/em><\/div>\n<\/div>\n<\/div>\n<p>L\u2019opposant pense que sur cette base, la Guin\u00e9e arrivera \u00e0 des \u00e9lections libres transparentes et accept\u00e9es de tous. C\u2019est pourquoi il en a appel\u00e9 \u00e0 un travail approfondi tant sur le fichier \u00e9lectoral que sur la commission \u00e9lectorale:<em><i>\u00ab\u00a0<\/i><\/em><em><i>Ce n\u2019est pas chose facile en Guin\u00e9e, \u00e7a va \u00eatre l\u2019un des principaux points qu\u2019il va falloir g\u00e9rer afin que les \u00e9lections donnent des r\u00e9sultats qui seront accept\u00e9s par tous \u00bb,<\/i><\/em>a-t-il conclu chez nos confr\u00e8res de radio france internationale.<\/p>\n<p><strong><b>Mohamed\u00a0 Camara <\/b><\/strong><\/p>\n<\/div>\n<\/div>\n","protected":false},"excerpt":{"rendered":"<p>Le pr\u00e9sident de l&rsquo;union des forces r\u00e9publicaines UFR, Sidya Tour\u00e9 s&rsquo;est prononc\u00e9 sur la transition \u00e0 venir en Guin\u00e9e. Pour l&rsquo;ancien premier ministre, tous les Guin\u00e9ens doivent se donner la main pour accompagner une transition apais\u00e9e.\u00a0 \u00c0 propos de la participation de son parti au futur gouvernement, Sidya Tour\u00e9 a privil\u00e9gi\u00e9 l&rsquo;int\u00e9r\u00eat national, nous privil\u00e9gions [&hellip;]<\/p>\n","protected":false},"author":2,"featured_media":10310,"comment_status":"closed","ping_status":"closed","sticky":false,"template":"","format":"standard","meta":{"_jetpack_memberships_contains_paid_content":false,"footnotes":""},"categories":[4,5,6],"tags":[],"class_list":["post-10308","post","type-post","status-publish","format-standard","has-post-thumbnail","hentry","category-actu","category-politique","category-societe"],"jetpack_featured_media_url":"https:\/\/i0.wp.com\/liberationinfo.com\/wp-content\/uploads\/2021\/09\/Sidya-Toure-president-de-lUFR.jpg?fit=1200%2C1055&ssl=1","jetpack-related-posts":[],"jetpack_sharing_enabled":true,"_links":{"self":[{"href":"https:\/\/liberationinfo.com\/index.php\/wp-json\/wp\/v2\/posts\/10308","targetHints":{"allow":["GET"]}}],"collection":[{"href":"https:\/\/liberationinfo.com\/index.php\/wp-json\/wp\/v2\/posts"}],"about":[{"href":"https:\/\/liberationinfo.com\/index.php\/wp-json\/wp\/v2\/types\/post"}],"author":[{"embeddable":true,"href":"https:\/\/liberationinfo.com\/index.php\/wp-json\/wp\/v2\/users\/2"}],"replies":[{"embeddable":true,"href":"https:\/\/liberationinfo.com\/index.php\/wp-json\/wp\/v2\/comments?post=10308"}],"version-history":[{"count":0,"href":"https:\/\/liberationinfo.com\/index.php\/wp-json\/wp\/v2\/posts\/10308\/revisions"}],"wp:featuredmedia":[{"embeddable":true,"href":"https:\/\/liberationinfo.com\/index.php\/wp-json\/wp\/v2\/media\/10310"}],"wp:attachment":[{"href":"https:\/\/liberationinfo.com\/index.php\/wp-json\/wp\/v2\/media?parent=10308"}],"wp:term":[{"taxonomy":"category","embeddable":true,"href":"https:\/\/liberationinfo.com\/index.php\/wp-json\/wp\/v2\/categories?post=10308"},{"taxonomy":"post_tag","embeddable":true,"href":"https:\/\/liberationinfo.com\/index.php\/wp-json\/wp\/v2\/tags?post=10308"}],"curies":[{"name":"wp","href":"https:\/\/api.w.org\/{rel}","templated":true}]}}