{"id":10150,"date":"2021-09-02T20:18:01","date_gmt":"2021-09-02T20:18:01","guid":{"rendered":"https:\/\/liberationinfo.com\/?p=10150"},"modified":"2021-09-02T20:22:07","modified_gmt":"2021-09-02T20:22:07","slug":"manchester-united-ronaldo-recupere-bien-le-numero-7-de-cavani-cette-saison","status":"publish","type":"post","link":"https:\/\/liberationinfo.com\/index.php\/manchester-united-ronaldo-recupere-bien-le-numero-7-de-cavani-cette-saison\/","title":{"rendered":"Manchester United : Cristiano  r\u00e9cup\u00e9re bien le num\u00e9ro 7 de Cavani cette saison"},"content":{"rendered":"<div id=\"android_banner\" class=\"android_banner android_banner_rmc sport show\">\n<div class=\"android_banner_logo\"><\/div>\n<\/div>\n<div class=\"grid_wrapper\">\n<div class=\"grid_column grid_column_ab\">\n<article class=\"content content_article\">\n<div id=\"content_progress\">\n<header id=\"content_header\" class=\"content_header\">\n<div class=\"ArticleVideo\">\n<div id=\"video_player_6270658799001\" class=\"video_block pip-article vjs-pip-container\"><\/div>\n<\/div>\n<\/header>\n<div class=\"content_body\">\n<div class=\"content_body_wrapper\">\n<div class=\"chapo\">Cristiano Ronaldo jouera avec le num\u00e9ro 7 cette saison \u00e0 Manchester United. Apr\u00e8s plusieurs jours de suspense, le club mancunien a pu confirmer que l&rsquo;attaquant portugais allait bien retrouver son num\u00e9ro f\u00e9tiche. Edinson Cavani porte d\u00e9sormais le 21.<\/div>\n<div id=\"sas_98_s\" class=\"bloc_center_full\">\n<div id=\"sas_98_container\" class=\"sticky_elt\">\n<div id=\"sas_98\"><\/div>\n<\/div>\n<\/div>\n<p>Forc\u00e9ment. Manchester United a r\u00e9v\u00e9l\u00e9 jeudi que Cristiano Ronaldo allait bien porter l&rsquo;historique num\u00e9ro 7 cette saison. Son ancien d\u00e9tenteur, Edinson Cavani, va r\u00e9cup\u00e9rer le n\u00b021 laiss\u00e9 libre par Daniel James.<\/p>\n<div id=\"sas_76194_s\" class=\"bloc_center_full\">\n<div id=\"sas_76194_container\">\n<div id=\"sas_76194\"><\/div>\n<\/div>\n<\/div>\n<p>Le num\u00e9ro de Cristiano Ronaldo n&rsquo;avait pas \u00e9t\u00e9 annonc\u00e9 lors de l&rsquo;officialisation de ce grand retour. Il \u00e9tait \u00e9vident que le club mancunien d\u00e9sirait voir le chouchou d&rsquo;Old Trafford avec son num\u00e9ro f\u00e9tiche. Mais\u00a0<a title=\"Manchester United: Ronaldo pourra-t-il vraiment r\u00e9cup\u00e9rer le num\u00e9ro 7 de Cavani?\" href=\"https:\/\/rmcsport.bfmtv.com\/football\/premier-league\/manchester-united-ronaldo-pourra-t-il-vraiment-recuperer-le-numero-7-de-cavani_AV-202108270437.html\">une d\u00e9rogation de la Premier League \u00e9tait n\u00e9cessaire<\/a>, car les r\u00e8glements emp\u00eachent en th\u00e9orie les changements de num\u00e9ro pour les joueurs d\u00e9j\u00e0 inscrits. Or,\u00a0<a title=\"Uruguay: Cavani priv\u00e9 de s\u00e9lection en raison des restrictions li\u00e9es au voyage\" href=\"https:\/\/rmcsport.bfmtv.com\/football\/coupe-du-monde\/uruguay-cavani-prive-de-selection-en-raison-des-restrictions-liees-au-voyage_AD-202108300253.html\">Edinson Cavani<\/a>\u00a0avait d\u00e9j\u00e0 \u00e9t\u00e9 enregistr\u00e9 avec le 7.<\/p>\n<p>\u00ab\u00a0Je n&rsquo;\u00e9tais pas s\u00fbr que ce soit possible de r\u00e9cup\u00e9rer le num\u00e9ro 7. Donc je voudrais dire un grand merci \u00e0 Edi pour cet incroyable geste\u00a0\u00bb, a d\u00e9clar\u00e9 Cristiano Ronaldo, cit\u00e9 par Manchester United.<\/p>\n<div class=\"embed embed_twitter loading\"><\/div>\n<h2 class=\"subheading\">Ronaldo pourrait jouer le 11 septembre<\/h2>\n<p>Pour Edinson Cavani, le num\u00e9ro 21 ne lui est pas \u00e9tranger. En effet, c&rsquo;est celui qu&rsquo;il porte depuis des ann\u00e9es avec l&rsquo;Uruguay.<\/p>\n<div class=\"embed embed_seemore\"><\/div>\n<p>\u00ab\u00a0CR7\u00a0\u00bb, qui a encore \u00e9crit l&rsquo;histoire en devenant le nouveau recordman mondial du nombre de buts inscrits en s\u00e9lection nationale, pourrait \u00eatre lanc\u00e9 le 11 septembre par Manchester United. Ce serait \u00e0 l&rsquo;occasion de la r\u00e9ception de Newcastle, en championnat. Le match suivant est pr\u00e9vu en Ligue des champions, le 14 septembre, sur la pelouse des Young Boys <span style=\"color: #111111;font-family: Roboto, sans-serif;font-size: 27px\">.<\/span><\/p>\n<\/div>\n<\/div>\n<\/div>\n<\/article>\n<\/div>\n<\/div>\n","protected":false},"excerpt":{"rendered":"<p>Cristiano Ronaldo jouera avec le num\u00e9ro 7 cette saison \u00e0 Manchester United. Apr\u00e8s plusieurs jours de suspense, le club mancunien a pu confirmer que l&rsquo;attaquant portugais allait bien retrouver son num\u00e9ro f\u00e9tiche. Edinson Cavani porte d\u00e9sormais le 21. Forc\u00e9ment. Manchester United a r\u00e9v\u00e9l\u00e9 jeudi que Cristiano Ronaldo allait bien porter l&rsquo;historique num\u00e9ro 7 cette saison. [&hellip;]<\/p>\n","protected":false},"author":2,"featured_media":10152,"comment_status":"closed","ping_status":"closed","sticky":false,"template":"","format":"standard","meta":{"_jetpack_memberships_contains_paid_content":false,"footnotes":""},"categories":[4,7],"tags":[],"class_list":["post-10150","post","type-post","status-publish","format-standard","has-post-thumbnail","hentry","category-actu","category-sport"],"jetpack_featured_media_url":"https:\/\/i0.wp.com\/liberationinfo.com\/wp-content\/uploads\/2021\/09\/criron.jpg?fit=640%2C480&ssl=1","jetpack-related-posts":[],"jetpack_sharing_enabled":true,"_links":{"self":[{"href":"https:\/\/liberationinfo.com\/index.php\/wp-json\/wp\/v2\/posts\/10150","targetHints":{"allow":["GET"]}}],"collection":[{"href":"https:\/\/liberationinfo.com\/index.php\/wp-json\/wp\/v2\/posts"}],"about":[{"href":"https:\/\/liberationinfo.com\/index.php\/wp-json\/wp\/v2\/types\/post"}],"author":[{"embeddable":true,"href":"https:\/\/liberationinfo.com\/index.php\/wp-json\/wp\/v2\/users\/2"}],"replies":[{"embeddable":true,"href":"https:\/\/liberationinfo.com\/index.php\/wp-json\/wp\/v2\/comments?post=10150"}],"version-history":[{"count":0,"href":"https:\/\/liberationinfo.com\/index.php\/wp-json\/wp\/v2\/posts\/10150\/revisions"}],"wp:featuredmedia":[{"embeddable":true,"href":"https:\/\/liberationinfo.com\/index.php\/wp-json\/wp\/v2\/media\/10152"}],"wp:attachment":[{"href":"https:\/\/liberationinfo.com\/index.php\/wp-json\/wp\/v2\/media?parent=10150"}],"wp:term":[{"taxonomy":"category","embeddable":true,"href":"https:\/\/liberationinfo.com\/index.php\/wp-json\/wp\/v2\/categories?post=10150"},{"taxonomy":"post_tag","embeddable":true,"href":"https:\/\/liberationinfo.com\/index.php\/wp-json\/wp\/v2\/tags?post=10150"}],"curies":[{"name":"wp","href":"https:\/\/api.w.org\/{rel}","templated":true}]}}