{"id":10016,"date":"2021-08-26T18:41:37","date_gmt":"2021-08-26T18:41:37","guid":{"rendered":"https:\/\/liberationinfo.com\/?p=10016"},"modified":"2021-08-26T18:43:51","modified_gmt":"2021-08-26T18:43:51","slug":"prelevement-5-de-salaire-souleymane-conde-allume-le-syndicat-vous-etes-pires-que-ce-regime","status":"publish","type":"post","link":"https:\/\/liberationinfo.com\/index.php\/prelevement-5-de-salaire-souleymane-conde-allume-le-syndicat-vous-etes-pires-que-ce-regime\/","title":{"rendered":"Pr\u00e9l\u00e8vement 5% de salaire:  Souleymane Cond\u00e9, allume des syndicalistes  \u201c Vous \u00eates pires que ce r\u00e9gime.\u201d"},"content":{"rendered":"<header id=\"masthead\" class=\"site-header header-simple style_black\">\n<div id=\"nerubian-header\">\n<div class=\"header-content bar header-fixed\">\n<div class=\"container\">\n<div class=\"nerubian-header-content \">\n<div class=\"header-content-logo\">\n<div id=\"logo\" class=\"site-logo\"><\/div>\n<\/div>\n<\/div>\n<\/div>\n<\/div>\n<\/div>\n<\/header>\n<div id=\"content\" class=\"site-content\">\n<div class=\"wrap-content\">\n<div class=\"container\">\n<div class=\"row single-main-content\">\n<div class=\"main-content content-right col-sx-12 col-sm-12 col-md-9 col-lg-9\">\n<div class=\"content-inner\">\n<div class=\"code-block code-block-1\"><\/div>\n<div class=\"box box-article\">\n<article id=\"post-163221\" class=\"post-163221 post type-post status-publish format-standard has-post-thumbnail hentry category-politique\">\n<div class=\"post-image single-image\"><\/div>\n<div class=\"entry-content clearfix\">\n<div class=\"entry-content-inner padding-left\">\n<div class=\"pf-content\">\n<div class=\"printfriendly pf-button pf-button-content pf-alignright\"><\/div>\n<p>Lorsqu\u2019on est appel\u00e9 \u00e0 d\u00e9fendre les int\u00e9r\u00eats d\u2019une population ou d\u2019un groupe, il faut se rassurer de l\u2019impact positif des d\u00e9cisions prises aux noms de ces personnes.<\/p>\n<p>Lorsqu\u2019il \u00e9tait question de dire non au 3\u00e8me mandat, nous avons estim\u00e9 que ce n\u2019est ni bon pour le pr\u00e9sent, ni pour le futur de la Guin\u00e9e et de sa population. Ce combat a \u00e9t\u00e9 men\u00e9.<\/p>\n<div class=\"code-block code-block-2\"><\/div>\n<p>Aujourd\u2019hui, avec la mis\u00e8re insoutenable dans laquelle vit cette population guin\u00e9enne du fait de la mauvaise gouvernance et du non respect des principes d\u00e9mocratiques,<\/p>\n<p>Vous, syndicats, d\u00e9fenseurs des int\u00e9r\u00eats des travailleurs, osez demander \u00e0 ces pauvres d\u2019accepter le pr\u00e9l\u00e8vement de 5% de leurs \u00e9moluments qui, dans sa forme actuelle ne leurs permettent m\u00eame pas de joindre les 2 bouts??<\/p>\n<p>Vous \u00eates pires que ce r\u00e9gime.<\/p>\n<p>Depuis l\u2019ind\u00e9pendance de la Guin\u00e9e en 1958, cette population vit sans assurance maladie, est-ce cela l\u2019a emp\u00each\u00e9 de vivre, de mourir et d\u2019autres de vivre heureux ?<\/p>\n<p>C\u2019est pas le moment o\u00f9 elle tire le diable par la queue que le gouvernement en complicit\u00e9 avec des syndicats corrompus viennent proposer cette bienveillance dont la vraie motivation est d\u2019avoir des recettes dans les caisses de l\u2019\u00e9tat.<\/p>\n<p>Pourquoi vous n\u2019attendez pas quand les choses commenceront \u00e0 s\u2019am\u00e9liorer en terme de bien-\u00eatre, si c\u2019est pour aider la population?? N\u2019importe quoi.<\/p>\n<p>Merde Merde Merde.<\/p>\n<p><strong>Souleymane Cond\u00e9<\/strong><br \/>\nPr\u00e9sident de La Diversit\u00e9 R\u00e9publicaine de Guin\u00e9e \u2013 DRG<\/p>\n<\/div>\n<\/div>\n<\/div>\n<\/article>\n<\/div>\n<\/div>\n<\/div>\n<\/div>\n<\/div>\n<\/div>\n<\/div>\n","protected":false},"excerpt":{"rendered":"<p>Lorsqu\u2019on est appel\u00e9 \u00e0 d\u00e9fendre les int\u00e9r\u00eats d\u2019une population ou d\u2019un groupe, il faut se rassurer de l\u2019impact positif des d\u00e9cisions prises aux noms de ces personnes. Lorsqu\u2019il \u00e9tait question de dire non au 3\u00e8me mandat, nous avons estim\u00e9 que ce n\u2019est ni bon pour le pr\u00e9sent, ni pour le futur de la Guin\u00e9e et [&hellip;]<\/p>\n","protected":false},"author":2,"featured_media":9964,"comment_status":"closed","ping_status":"closed","sticky":false,"template":"","format":"standard","meta":{"_jetpack_memberships_contains_paid_content":false,"footnotes":""},"categories":[4,5,6],"tags":[],"class_list":["post-10016","post","type-post","status-publish","format-standard","has-post-thumbnail","hentry","category-actu","category-politique","category-societe"],"jetpack_featured_media_url":"https:\/\/i0.wp.com\/liberationinfo.com\/wp-content\/uploads\/2021\/08\/Souleymane-conde.jpg?fit=525%2C338&ssl=1","jetpack-related-posts":[],"jetpack_sharing_enabled":true,"_links":{"self":[{"href":"https:\/\/liberationinfo.com\/index.php\/wp-json\/wp\/v2\/posts\/10016","targetHints":{"allow":["GET"]}}],"collection":[{"href":"https:\/\/liberationinfo.com\/index.php\/wp-json\/wp\/v2\/posts"}],"about":[{"href":"https:\/\/liberationinfo.com\/index.php\/wp-json\/wp\/v2\/types\/post"}],"author":[{"embeddable":true,"href":"https:\/\/liberationinfo.com\/index.php\/wp-json\/wp\/v2\/users\/2"}],"replies":[{"embeddable":true,"href":"https:\/\/liberationinfo.com\/index.php\/wp-json\/wp\/v2\/comments?post=10016"}],"version-history":[{"count":0,"href":"https:\/\/liberationinfo.com\/index.php\/wp-json\/wp\/v2\/posts\/10016\/revisions"}],"wp:featuredmedia":[{"embeddable":true,"href":"https:\/\/liberationinfo.com\/index.php\/wp-json\/wp\/v2\/media\/9964"}],"wp:attachment":[{"href":"https:\/\/liberationinfo.com\/index.php\/wp-json\/wp\/v2\/media?parent=10016"}],"wp:term":[{"taxonomy":"category","embeddable":true,"href":"https:\/\/liberationinfo.com\/index.php\/wp-json\/wp\/v2\/categories?post=10016"},{"taxonomy":"post_tag","embeddable":true,"href":"https:\/\/liberationinfo.com\/index.php\/wp-json\/wp\/v2\/tags?post=10016"}],"curies":[{"name":"wp","href":"https:\/\/api.w.org\/{rel}","templated":true}]}}